{"id":1356,"date":"2021-01-01T18:18:00","date_gmt":"2021-01-01T21:18:00","guid":{"rendered":"http:\/\/pc5.frbb.utn.edu.ar\/frbb\/?p=1356"},"modified":"2026-04-27T20:53:32","modified_gmt":"2026-04-27T23:53:32","slug":"teaibbb0008191","status":"publish","type":"post","link":"https:\/\/www.frbb.utn.edu.ar\/frbb\/scyt\/proyectos\/finalizados-sin-incentivo\/teaibbb0008191\/","title":{"rendered":"TEAIBBB0008191 Evaluaci\u00f3n de la formaci\u00f3n y el desarrollo de competencias en ingenier\u00edas"},"content":{"rendered":"\t\t<div data-elementor-type=\"wp-post\" data-elementor-id=\"1356\" class=\"elementor elementor-1356\">\n\t\t\t\t\t\t<section class=\"elementor-section elementor-top-section elementor-element elementor-element-3cb0909 elementor-section-boxed elementor-section-height-default elementor-section-height-default\" data-id=\"3cb0909\" data-element_type=\"section\">\n\t\t\t\t\t\t<div class=\"elementor-container elementor-column-gap-default\">\n\t\t\t\t\t<div class=\"elementor-column elementor-col-100 elementor-top-column elementor-element elementor-element-8518d46\" data-id=\"8518d46\" data-element_type=\"column\">\n\t\t\t<div class=\"elementor-widget-wrap elementor-element-populated\">\n\t\t\t\t\t\t<div class=\"elementor-element elementor-element-b3d3e4d elementor-widget elementor-widget-elementskit-heading\" data-id=\"b3d3e4d\" data-element_type=\"widget\" data-widget_type=\"elementskit-heading.default\">\n\t\t\t\t<div class=\"elementor-widget-container\">\n\t\t\t<div class=\"ekit-wid-con\" ><div class=\"ekit-heading elementskit-section-title-wraper text_left   ekit_heading_tablet-   ekit_heading_mobile-\"><h2 class=\"ekit-heading--title elementskit-section-title \">TEAIBBB0008191 Evaluaci\u00f3n de la formaci\u00f3n y el desarrollo de competencias en ingenier\u00edas<\/h2><\/div><\/div>\t\t<\/div>\n\t\t\t\t<\/div>\n\t\t\t\t\t<\/div>\n\t\t<\/div>\n\t\t\t\t\t<\/div>\n\t\t<\/section>\n\t\t\t\t<section class=\"elementor-section elementor-top-section elementor-element elementor-element-7aefdcd1 elementor-section-boxed elementor-section-height-default elementor-section-height-default\" data-id=\"7aefdcd1\" data-element_type=\"section\">\n\t\t\t\t\t\t<div class=\"elementor-container elementor-column-gap-default\">\n\t\t\t\t\t<div class=\"elementor-column elementor-col-100 elementor-top-column elementor-element elementor-element-66cffe8c\" data-id=\"66cffe8c\" data-element_type=\"column\">\n\t\t\t<div class=\"elementor-widget-wrap elementor-element-populated\">\n\t\t\t\t\t\t<div class=\"elementor-element elementor-element-11bb6115 elementor-widget elementor-widget-text-editor\" data-id=\"11bb6115\" data-element_type=\"widget\" data-widget_type=\"text-editor.default\">\n\t\t\t\t<div class=\"elementor-widget-container\">\n\t\t\t<style>\/*! elementor - v3.23.0 - 05-08-2024 *\/\n.elementor-widget-text-editor.elementor-drop-cap-view-stacked .elementor-drop-cap{background-color:#69727d;color:#fff}.elementor-widget-text-editor.elementor-drop-cap-view-framed .elementor-drop-cap{color:#69727d;border:3px solid;background-color:transparent}.elementor-widget-text-editor:not(.elementor-drop-cap-view-default) .elementor-drop-cap{margin-top:8px}.elementor-widget-text-editor:not(.elementor-drop-cap-view-default) .elementor-drop-cap-letter{width:1em;height:1em}.elementor-widget-text-editor .elementor-drop-cap{float:left;text-align:center;line-height:1;font-size:50px}.elementor-widget-text-editor .elementor-drop-cap-letter{display:inline-block}<\/style>\t\t\t\t<!-- wp:html -->\n<div class=\"row\">\n<div class=\"col-md-12\">\n<p><i class=\"fas fa-user-graduate\" style=\"padding-right: 5px; color: #bcce0f;\"><\/i> Director: <span style=\"font-weight: 600;\"> CURA, RAFAEL OMAR<\/span><\/p>\n<p><i class=\"far fa-calendar-alt\" style=\"padding-right: 5px; color: #bcce0f;\"><\/i> Fecha de Inicio: <span style=\"font-weight: 600;\"> 01\/01\/2021 <\/span> &#8211; <i class=\"far fa-calendar-alt\" style=\"padding-left: 5px; padding-right: 5px; color: #bcce0f;\"><\/i> Fecha de Finalizaci\u00f3n: <span style=\"font-weight: 600;\"> 31\/12\/2023<\/span><\/p>\n<p><i class=\"fas fa-coins\" style=\"padding-right: 5px; color: #bcce0f;\"><\/i> Grupo\/UCT: <span style=\"font-weight: 600;\"> DIM <\/span><\/p>\n<p><i class=\"fas fa-share-alt\" style=\"padding-right: 5px; color: #bcce0f;\"><\/i> Tipo de proyecto: <span style=\"font-weight: 600;\">PID Tecnolog\u00eda educativa multi-facultad sin incentivos tipo B <\/span><\/p>\n<\/div>\n<\/div>\n<!-- \/wp:html -->\n<p>\u00a0<\/p>\t\t\t\t\t\t<\/div>\n\t\t\t\t<\/div>\n\t\t\t\t<div class=\"elementor-element elementor-element-c7b341c elementor-widget elementor-widget-eael-adv-tabs\" data-id=\"c7b341c\" data-element_type=\"widget\" data-widget_type=\"eael-adv-tabs.default\">\n\t\t\t\t<div class=\"elementor-widget-container\">\n\t\t\t        <div data-scroll-on-click=\"no\" data-scroll-speed=\"300\" id=\"eael-advance-tabs-c7b341c\" class=\"eael-advance-tabs eael-tabs-horizontal eael-tab-auto-active \" data-tabid=\"c7b341c\">\n            <div class=\"eael-tabs-nav\">\n                <ul class=\"eael-tab-inline-icon\" role=\"tablist\">\n                                            <li id=\"integrantes-del-proyecto\" class=\"inactive eael-tab-item-trigger\" aria-selected=\"true\" data-tab=\"1\" role=\"tab\" tabindex=\"0\" aria-controls=\"integrantes-del-proyecto-tab\" aria-expanded=\"false\">\n                            \n                                                                <i class=\"fas fa-user-friends\"><\/i>                                                            \n                                                            <span class=\"eael-tab-title  title-after-icon\">Integrantes del proyecto<\/span>                            \n                                                    <\/li>\n                                            <li id=\"resumen-del-proyecto\" class=\"active-default eael-tab-item-trigger\" aria-selected=\"false\" data-tab=\"2\" role=\"tab\" tabindex=\"-1\" aria-controls=\"resumen-del-proyecto-tab\" aria-expanded=\"false\">\n                            \n                                                                <i class=\"fas fa-file-signature\"><\/i>                                                            \n                                                            <span class=\"eael-tab-title  title-after-icon\">Resumen del proyecto<\/span>                            \n                                                    <\/li>\n                                    <\/ul>\n            <\/div>\n            \n            <div class=\"eael-tabs-content\">\n\t\t        \n                    <div id=\"integrantes-del-proyecto-tab\" class=\"clearfix eael-tab-content-item inactive\" data-title-link=\"integrantes-del-proyecto-tab\">\n\t\t\t\t        \t\t\t\t\t        <!--wp html -->\n<div class=\"row\">\n<div class=\"col-xs-12 col-sm-12 col-md-6\">\n<div class=\"intgemat shadow-sm text-left\" style=\"background-color: #ffffff; font-size: 15px; border-radius: 0px; padding-bottom: 30px; padding-top: 30px; padding-left: 20px; color: #333; border: none;\">\n<p class=\"text-left\" style=\"padding-bottom: 5px;\"><i class=\"fa fa-user\" style=\"font-size: 17px; padding-right: 5px; color: #bcce0f; font-weight: bold;\"><\/i> <span style=\"font-size: 14px; padding-bottom: 5px; font-weight: 600; text-transform: uppercase;\">DIRECTOR <\/span><\/p>\n<ul style=\"margin-left: 0.2em;\">\n<li style=\"font-size: 15px; text-transform: uppercase;\"><span class=\"col-md-6\">CURA, RAFAEL OMAR<\/span><\/li>\n<\/ul>\n<p class=\"text-left\" style=\"padding-bottom: 5px; padding-top: 8px;\"><i class=\"fa fa-user\" style=\"font-size: 17px; padding-right: 5px; color: #bcce0f; font-weight: bold;\"><\/i> <span style=\"font-size: 14px; padding-bottom: 5px; font-weight: 600; text-transform: uppercase;\">Co-Director <\/span><\/p>\n<ul style=\"margin-left: 0.2em;\">\n<li style=\"font-size: 15px;\"><span class=\"col-md-6\">Gir\u00f3n Pablo Guillermo<\/span><\/li>\n<\/ul>\n<p class=\"text-left\" style=\"padding-bottom: 5px; padding-top: 8px;\"><i class=\"fa fa-user\" style=\"font-size: 17px; padding-right: 5px; color: #bcce0f; font-weight: bold;\"><\/i> <span style=\"font-size: 14px; padding-bottom: 5px; font-weight: 600; text-transform: uppercase;\">INVESTIGADORES FORMADOS <\/span><\/p>\n<ul style=\"margin-left: 0.2em;\">\n<li style=\"font-size: 15px;\"><span class=\"col-md-6\">Azzurro Adri\u00e1n Pedro<\/span><\/li>\n<li style=\"font-size: 15px;\"><span class=\"col-md-6\">Marinsalta Mar\u00eda Mercedes<\/span><\/li>\n<li style=\"font-size: 15px;\"><span class=\"col-md-6\">Palmieri Fernando Daniel<\/span><\/li>\n<li style=\"font-size: 15px;\"><span class=\"col-md-6\">Rossi Andrea Paula<\/span><\/li>\n<\/ul>\n<p class=\"text-left\" style=\"padding-bottom: 5px; padding-top: 8px;\"><i class=\"fa fa-user\" style=\"font-size: 17px; padding-right: 5px; color: #bcce0f; font-weight: bold;\"><\/i> <span style=\"font-size: 14px; padding-bottom: 5px; font-weight: 600; text-transform: uppercase;\">BECARIOS ALUMNOS UTN-SAE <\/span><\/p>\n<ul style=\"margin-left: 0.2em;\">\n<li style=\"font-size: 15px;\"><span class=\"col-md-6\">Silveira Cristian<\/span><\/li>\n<li style=\"font-size: 15px;\"><span class=\"col-md-6\">Encina Yamila Evelyn<\/span><\/li>\n<li style=\"font-size: 15px;\"><span class=\"col-md-6\">Eliana Yamila<\/span><\/li>\n<\/ul>\n<p class=\"text-left\" style=\"padding-bottom: 5px; padding-top: 8px;\"><i class=\"fa fa-user\" style=\"font-size: 17px; padding-right: 5px; color: #bcce0f; font-weight: bold;\"><\/i><span style=\"font-size: 14px; padding-bottom: 5px; font-weight: 600; text-transform: uppercase;\">BECARIA ALUMNA UTN-SCYT<\/span><\/p>\n<ul style=\"margin-left: 0.2em;\">\n<li style=\"font-size: 15px;\"><span style=\"text-transform: capitalize;\">Salazar Leybor Carolina Alejandra<\/span><\/li>\n<\/ul>\n<\/div>\n<\/div>\n<div class=\"col-xs-12 col-sm-12 col-md-6\">\n<div class=\"intgemat shadow-sm text-left\" style=\"background-color: #ffffff; font-size: 15px; border-radius: 0px; padding-bottom: 30px; padding-top: 30px; padding-left: 20px; color: #333; border: none;\">\n<p class=\"text-left\" style=\"padding-bottom: 5px; padding-top: 8px;\"><i class=\"fa fa-user\" style=\"font-size: 17px; padding-right: 5px; color: #bcce0f; font-weight: bold;\"><\/i><span style=\"font-size: 14px; padding-bottom: 5px; font-weight: 600; text-transform: uppercase;\">INVESTIGADORES DE APOYO<\/span><\/p>\n<ul style=\"margin-left: 0.2em;\">\n<li style=\"font-size: 15px; text-transform: capitalize;\">Sacco Lucia Carlota<\/li>\n<li style=\"font-size: 15px; text-transform: capitalize;\">Gallego Danna Lorena<\/li>\n<li style=\"font-size: 15px; text-transform: capitalize;\">Obiol Sergio Agust\u00edn<\/li>\n<li style=\"font-size: 15px; text-transform: capitalize;\">Franco Neoren German<\/li>\n<li style=\"font-size: 15px; text-transform: capitalize;\">Solano Mar\u00eda Leticia<\/li>\n<li style=\"font-size: 15px; text-transform: capitalize;\">Musotto Marcelo Juan<\/li>\n<li style=\"font-size: 15px; text-transform: capitalize;\">Silva Graciela Elizabeth<\/li>\n<li style=\"font-size: 15px; text-transform: capitalize;\">Reina N\u00e9stor Fabian<\/li>\n<li style=\"font-size: 15px; text-transform: capitalize;\">Cancio Edgardo Gabriel<\/li>\n<li style=\"font-size: 15px; text-transform: capitalize;\">Faundes Jaime<\/li>\n<li style=\"font-size: 15px; text-transform: capitalize;\">Mesa Adri\u00e1n Antonio<\/li>\n<li style=\"font-size: 15px; text-transform: capitalize;\">Sosa Daniel Obdulio<\/li>\n<li style=\"font-size: 15px; text-transform: capitalize;\">Krumrick Ezequiel Arturo<\/li>\n<li style=\"font-size: 15px; text-transform: capitalize;\">Cerda Tegaldo Gabriel Fernando<\/li>\n<li style=\"font-size: 15px; text-transform: capitalize;\">Rumi Lucia<\/li>\n<li style=\"font-size: 15px; text-transform: capitalize;\">Sinelli Guadalupe<\/li>\n<li style=\"font-size: 15px; text-transform: capitalize;\">Rozenhauz Julieta Cecilia<\/li>\n<li style=\"font-size: 15px; text-transform: capitalize;\">Miglioli Sergio<\/li>\n<\/ul>\n\n<\/div>\n<\/div>\n<\/div>\n<!--\/wp html -->\t\t\t\t                            <\/div>\n\t\t        \n                    <div id=\"resumen-del-proyecto-tab\" class=\"clearfix eael-tab-content-item active-default\" data-title-link=\"resumen-del-proyecto-tab\">\n\t\t\t\t        \t\t\t\t\t        <!--wp html -->\n<h5>Resumen<\/h5>\n<p>La formaci\u00f3n en competencias y su evaluaci\u00f3n es un enfoque promovido por sectores acad\u00e9micos, profesionales y especialistas en educaci\u00f3n de Ingenieros. A nivel internacional, UNESCO, IFEES, WFOE, ASIBEI, ASEE e Instituciones Acad\u00e9micas Nacionales como CONFEDI y la Academia Nacional de Ingenier\u00eda de la Rep\u00fablica Argentina, adem\u00e1s de sectores industriales, productivos y de servicios promueven este enfoque formativo, especialmente en funci\u00f3n de desaf\u00edos que el siglo XXI.<\/p>\n<p>El presente PID Asociado pretende evaluar la formaci\u00f3n y el desarrollo de competencias durante el proceso educativo en espacios curriculares de cursado y fin de estudios de Carreras de Ingenier\u00eda participantes, con instrumentos propios que permitan analizar resultados de aprendizaje, indicadores y niveles de logro en las actividades de aprendizaje de Estudiantes.<\/p>\n<p>Las estrategias formativas de evaluaci\u00f3n -antecedidas por el dise\u00f1o, planificaci\u00f3n y matrices de tributaci\u00f3n del plan formativo- permiten diagnosticar, evidenciar, profundizar la apropiaci\u00f3n o integraci\u00f3n de saberes, acreditar y generar nuevos procesos de mejora formativa. El trabajo en equipo permitir\u00e1 estudiar temas en com\u00fan y generar informaci\u00f3n compartida y contrastada.<\/p>\n<p>Por \u00faltimo, se aspira a publicar avances, compartir los resultados parciales y finales, establecer correspondencias y efectuar transferencias de experiencias y metodolog\u00edas a equipos similares de otras Facultades.<\/p>\n<!--\/wp html -->\t\t\t\t                            <\/div>\n\t\t                    <\/div>\n        <\/div>\n\t\t<\/div>\n\t\t\t\t<\/div>\n\t\t\t\t\t<\/div>\n\t\t<\/div>\n\t\t\t\t\t<\/div>\n\t\t<\/section>\n\t\t\t\t<\/div>\n\t\t","protected":false},"excerpt":{"rendered":"<p>TEAIBBB0008191 Evaluaci\u00f3n de la formaci\u00f3n y el desarrollo de competencias en ingenier\u00edas. Director: Cura, Rafael Omar Inicio: 1\/1\/2021 Finalizaci\u00f3n: 31\/12\/2023<\/p>\n","protected":false},"author":1,"featured_media":0,"comment_status":"closed","ping_status":"closed","sticky":false,"template":"","format":"standard","meta":{"site-sidebar-layout":"default","site-content-layout":"","ast-site-content-layout":"default","site-content-style":"default","site-sidebar-style":"default","ast-global-header-display":"","ast-banner-title-visibility":"","ast-main-header-display":"","ast-hfb-above-header-display":"","ast-hfb-below-header-display":"","ast-hfb-mobile-header-display":"","site-post-title":"disabled","ast-breadcrumbs-content":"","ast-featured-img":"","footer-sml-layout":"","theme-transparent-header-meta":"","adv-header-id-meta":"","stick-header-meta":"","header-above-stick-meta":"","header-main-stick-meta":"","header-below-stick-meta":"","astra-migrate-meta-layouts":"set","ast-page-background-enabled":"default","ast-page-background-meta":{"desktop":{"background-color":"","background-image":"","background-repeat":"repeat","background-position":"center center","background-size":"auto","background-attachment":"scroll","background-type":"","background-media":"","overlay-type":"","overlay-color":"","overlay-gradient":""},"tablet":{"background-color":"","background-image":"","background-repeat":"repeat","background-position":"center center","background-size":"auto","background-attachment":"scroll","background-type":"","background-media":"","overlay-type":"","overlay-color":"","overlay-gradient":""},"mobile":{"background-color":"","background-image":"","background-repeat":"repeat","background-position":"center center","background-size":"auto","background-attachment":"scroll","background-type":"","background-media":"","overlay-type":"","overlay-color":"","overlay-gradient":""}},"ast-content-background-meta":{"desktop":{"background-color":"var(--ast-global-color-5)","background-image":"","background-repeat":"repeat","background-position":"center center","background-size":"auto","background-attachment":"scroll","background-type":"","background-media":"","overlay-type":"","overlay-color":"","overlay-gradient":""},"tablet":{"background-color":"var(--ast-global-color-5)","background-image":"","background-repeat":"repeat","background-position":"center center","background-size":"auto","background-attachment":"scroll","background-type":"","background-media":"","overlay-type":"","overlay-color":"","overlay-gradient":""},"mobile":{"background-color":"var(--ast-global-color-5)","background-image":"","background-repeat":"repeat","background-position":"center center","background-size":"auto","background-attachment":"scroll","background-type":"","background-media":"","overlay-type":"","overlay-color":"","overlay-gradient":""}},"footnotes":""},"categories":[116],"tags":[],"class_list":["post-1356","post","type-post","status-publish","format-standard","hentry","category-finalizados-sin-incentivo"],"_links":{"self":[{"href":"https:\/\/www.frbb.utn.edu.ar\/frbb\/wp-json\/wp\/v2\/posts\/1356"}],"collection":[{"href":"https:\/\/www.frbb.utn.edu.ar\/frbb\/wp-json\/wp\/v2\/posts"}],"about":[{"href":"https:\/\/www.frbb.utn.edu.ar\/frbb\/wp-json\/wp\/v2\/types\/post"}],"author":[{"embeddable":true,"href":"https:\/\/www.frbb.utn.edu.ar\/frbb\/wp-json\/wp\/v2\/users\/1"}],"replies":[{"embeddable":true,"href":"https:\/\/www.frbb.utn.edu.ar\/frbb\/wp-json\/wp\/v2\/comments?post=1356"}],"version-history":[{"count":7,"href":"https:\/\/www.frbb.utn.edu.ar\/frbb\/wp-json\/wp\/v2\/posts\/1356\/revisions"}],"predecessor-version":[{"id":33068,"href":"https:\/\/www.frbb.utn.edu.ar\/frbb\/wp-json\/wp\/v2\/posts\/1356\/revisions\/33068"}],"wp:attachment":[{"href":"https:\/\/www.frbb.utn.edu.ar\/frbb\/wp-json\/wp\/v2\/media?parent=1356"}],"wp:term":[{"taxonomy":"category","embeddable":true,"href":"https:\/\/www.frbb.utn.edu.ar\/frbb\/wp-json\/wp\/v2\/categories?post=1356"},{"taxonomy":"post_tag","embeddable":true,"href":"https:\/\/www.frbb.utn.edu.ar\/frbb\/wp-json\/wp\/v2\/tags?post=1356"}],"curies":[{"name":"wp","href":"https:\/\/api.w.org\/{rel}","templated":true}]}}