{"id":15421,"date":"2024-04-01T16:27:57","date_gmt":"2024-04-01T19:27:57","guid":{"rendered":"https:\/\/www.frbb.utn.edu.ar\/frbb\/?p=15421"},"modified":"2026-04-15T19:02:07","modified_gmt":"2026-04-15T22:02:07","slug":"toifimp0010266tc","status":"publish","type":"post","link":"https:\/\/www.frbb.utn.edu.ar\/frbb\/scyt\/proyectos\/vigentes-con-incentivo\/toifimp0010266tc\/","title":{"rendered":"TOIFIMP0010266TC &#8211; Gesti\u00f3n sostenible e inteligente de la cadena de suministro en la industria offshore"},"content":{"rendered":"\t\t<div data-elementor-type=\"wp-post\" data-elementor-id=\"15421\" class=\"elementor elementor-15421\">\n\t\t\t\t\t\t<section class=\"elementor-section elementor-top-section elementor-element elementor-element-96a9df5 elementor-section-boxed elementor-section-height-default elementor-section-height-default\" data-id=\"96a9df5\" data-element_type=\"section\">\n\t\t\t\t\t\t<div class=\"elementor-container elementor-column-gap-default\">\n\t\t\t\t\t<div class=\"elementor-column elementor-col-100 elementor-top-column elementor-element elementor-element-eb56c79\" data-id=\"eb56c79\" data-element_type=\"column\">\n\t\t\t<div class=\"elementor-widget-wrap elementor-element-populated\">\n\t\t\t\t\t\t<div class=\"elementor-element elementor-element-ff57034 elementor-widget elementor-widget-elementskit-heading\" data-id=\"ff57034\" data-element_type=\"widget\" data-widget_type=\"elementskit-heading.default\">\n\t\t\t\t<div class=\"elementor-widget-container\">\n\t\t\t<div class=\"ekit-wid-con\" ><div class=\"ekit-heading elementskit-section-title-wraper text_left   ekit_heading_tablet-   ekit_heading_mobile-\"><h2 class=\"ekit-heading--title elementskit-section-title \">TOIFIMP0010266TC - Gesti\u00f3n sostenible e inteligente de la cadena de suministro en la industria offshore<\/h2><\/div><\/div>\t\t<\/div>\n\t\t\t\t<\/div>\n\t\t\t\t\t<\/div>\n\t\t<\/div>\n\t\t\t\t\t<\/div>\n\t\t<\/section>\n\t\t\t\t<section class=\"elementor-section elementor-top-section elementor-element elementor-element-78ac1e3a elementor-section-boxed elementor-section-height-default elementor-section-height-default\" data-id=\"78ac1e3a\" data-element_type=\"section\">\n\t\t\t\t\t\t<div class=\"elementor-container elementor-column-gap-default\">\n\t\t\t\t\t<div class=\"elementor-column elementor-col-100 elementor-top-column elementor-element elementor-element-5b951707\" data-id=\"5b951707\" data-element_type=\"column\">\n\t\t\t<div class=\"elementor-widget-wrap elementor-element-populated\">\n\t\t\t\t\t\t<div class=\"elementor-element elementor-element-55a7ecb6 elementor-widget elementor-widget-text-editor\" data-id=\"55a7ecb6\" data-element_type=\"widget\" data-widget_type=\"text-editor.default\">\n\t\t\t\t<div class=\"elementor-widget-container\">\n\t\t\t<style>\/*! elementor - v3.23.0 - 05-08-2024 *\/\n.elementor-widget-text-editor.elementor-drop-cap-view-stacked .elementor-drop-cap{background-color:#69727d;color:#fff}.elementor-widget-text-editor.elementor-drop-cap-view-framed .elementor-drop-cap{color:#69727d;border:3px solid;background-color:transparent}.elementor-widget-text-editor:not(.elementor-drop-cap-view-default) .elementor-drop-cap{margin-top:8px}.elementor-widget-text-editor:not(.elementor-drop-cap-view-default) .elementor-drop-cap-letter{width:1em;height:1em}.elementor-widget-text-editor .elementor-drop-cap{float:left;text-align:center;line-height:1;font-size:50px}.elementor-widget-text-editor .elementor-drop-cap-letter{display:inline-block}<\/style>\t\t\t\t<!-- wp:html -->\n<div class=\"row\">\n<div class=\"col-md-12\">\n<p><i class=\"fas fa-user-graduate\" style=\"padding-right: 5px; color: #bcce0f;\"><\/i> Directora: <span style=\"font-weight: 600; text-transform: uppercase;\"> ZANFRILLO, ALICIA<\/span><\/p>\n<p><i class=\"far fa-calendar-alt\" style=\"padding-right: 5px; color: #bcce0f;\"><\/i> Fecha de Inicio: <span style=\"font-weight: 600;\"> 1\/4\/2024 <\/span> &#8211; <i class=\"far fa-calendar-alt\" style=\"padding-left: 5px; padding-right: 5px; color: #bcce0f;\"><\/i> Fecha de Finalizaci\u00f3n: <span style=\"font-weight: 600;\"> 31\/3\/2027<\/span><\/p>\n<p><i class=\"fas fa-coins\" style=\"padding-right: 5px; color: #bcce0f;\"><\/i> Grupo\/UCT: <span style=\"font-weight: 600;\"> FR Mar del Plata \u2013 Grupo de I+D ITIOS: Innovaci\u00f3n y Tecnolog\u00edas Inteligentes en Organizaciones Sostenibles<br \/>FR Bah\u00eda Blanca \u2013 Departamento Licenciatura en Organizaci\u00f3n Industrial: LOI<\/span><\/p>\n<p><i class=\"fas fa-share-alt\" style=\"padding-right: 5px; color: #bcce0f;\"><\/i> Tipo de proyecto: <span style=\"font-weight: 600;\">Inter-facultad CON incorporacion en programas incentivo<\/span><\/p>\n<\/div>\n<\/div>\n<!-- \/wp:html -->\n<p>&nbsp;<\/p>\t\t\t\t\t\t<\/div>\n\t\t\t\t<\/div>\n\t\t\t\t<div class=\"elementor-element elementor-element-f3878c7 elementor-widget elementor-widget-eael-adv-tabs\" data-id=\"f3878c7\" data-element_type=\"widget\" data-widget_type=\"eael-adv-tabs.default\">\n\t\t\t\t<div class=\"elementor-widget-container\">\n\t\t\t        <div data-scroll-on-click=\"no\" data-scroll-speed=\"300\" id=\"eael-advance-tabs-f3878c7\" class=\"eael-advance-tabs eael-tabs-horizontal eael-tab-auto-active \" data-tabid=\"f3878c7\">\n            <div class=\"eael-tabs-nav\">\n                <ul class=\"eael-tab-inline-icon\" role=\"tablist\">\n                                            <li id=\"integrantes-del-proyecto\" class=\"inactive eael-tab-item-trigger\" aria-selected=\"true\" data-tab=\"1\" role=\"tab\" tabindex=\"0\" aria-controls=\"integrantes-del-proyecto-tab\" aria-expanded=\"false\">\n                            \n                                                                <i class=\"fas fa-user-friends\"><\/i>                                                            \n                                                            <span class=\"eael-tab-title  title-after-icon\">Integrantes del proyecto<\/span>                            \n                                                    <\/li>\n                                            <li id=\"resumen-del-proyecto\" class=\"active-default eael-tab-item-trigger\" aria-selected=\"false\" data-tab=\"2\" role=\"tab\" tabindex=\"-1\" aria-controls=\"resumen-del-proyecto-tab\" aria-expanded=\"false\">\n                            \n                                                                <i class=\"fas fa-file-signature\"><\/i>                                                            \n                                                            <span class=\"eael-tab-title  title-after-icon\">Resumen del proyecto<\/span>                            \n                                                    <\/li>\n                                    <\/ul>\n            <\/div>\n            \n            <div class=\"eael-tabs-content\">\n\t\t        \n                    <div id=\"integrantes-del-proyecto-tab\" class=\"clearfix eael-tab-content-item inactive\" data-title-link=\"integrantes-del-proyecto-tab\">\n\t\t\t\t        \t\t\t\t\t        <!--wp html -->\n<div class=\"row\">\n<div class=\"col-xs-12 col-sm-12 col-md-6\">\n<div class=\"intgemat shadow-sm text-left\" style=\"background-color: #ffffff; font-size: 15px; border-radius: 0px; padding-bottom: 30px; padding-top: 30px; padding-left: 20px; color: #333; border: none;\">\n<p class=\"text-left\" style=\"padding-bottom: 5px;\"><i class=\"fa fa-user\" style=\"font-size: 17px; padding-right: 5px; color: #bcce0f; font-weight: bold;\"><\/i> <span style=\"font-size: 14px; padding-bottom: 5px; font-weight: 600;\">DIRECTORA <\/span><\/p>\n<ul style=\"margin-left: 0.2em;\">\n<li style=\"font-size: 15px; text-transform: uppercase;\">ZANFRILLO, ALICIA<\/li>\n<\/ul>\n<p class=\"text-left\" style=\"padding-bottom: 5px; padding-top: 8px;\"><i class=\"fa fa-user\" style=\"font-size: 17px; padding-right: 5px; color: #bcce0f; font-weight: bold;\"><\/i> <span style=\"font-size: 14px; padding-bottom: 5px; font-weight: 600;\">INVESTIGADORES DE APOYO<\/span><\/p>\n<ul style=\"margin-left: 0.2em;\">\n<li style=\"font-size: 15px;\"><span style=\"text-transform: capitalize;\">Fernandez Lorena<\/span><\/li>\n<li style=\"font-size: 15px;\"><span style=\"text-transform: capitalize;\">Di Bartolo Ary Lautaro<\/span><\/li>\n<\/ul>\n<p class=\"text-left\" style=\"padding-bottom: 5px; padding-top: 8px;\"><i class=\"fa fa-user\" style=\"font-size: 17px; padding-right: 5px; color: #bcce0f; font-weight: bold;\"><\/i> <span style=\"font-size: 14px; padding-bottom: 5px; font-weight: 600;\">INVESTIGADOR TESISTA<\/span><\/p>\n<ul style=\"margin-left: 0.2em;\">\n<li style=\"font-size: 15px;\"><span style=\"text-transform: capitalize;\">Etcheverry Mauro<\/span><\/li>\n<\/ul>\n<\/div>\n<\/div>\n<div class=\"col-xs-12 col-sm-12 col-md-6\">\n<div class=\"intgemat shadow-sm text-left\" style=\"background-color: #ffffff; font-size: 15px; border-radius: 0px; padding-bottom: 30px; padding-top: 30px; padding-left: 20px; color: #333; border: none;\">\n<p class=\"text-left\" style=\"padding-bottom: 5px;\"><i class=\"fa fa-user\" style=\"font-size: 17px; padding-right: 5px; color: #bcce0f; font-weight: bold;\"><\/i> <span style=\"font-size: 14px; padding-bottom: 5px; font-weight: 600;\">INVESTIGADORES FORMADOS<\/span><\/p>\n<ul style=\"margin-left: 0.2em;\">\n<li style=\"font-size: 15px;\"><span style=\"text-transform: capitalize;\">Lupin Mar\u00eda Beatriz<\/span><\/li>\n<li style=\"font-size: 15px;\"><span style=\"text-transform: capitalize;\">Verna Roberto<\/span><\/li>\n<li style=\"font-size: 15px;\"><span style=\"text-transform: capitalize;\">Porris Susana<\/span><\/li>\n\n<\/ul>\n<p class=\"text-left\" style=\"padding-bottom: 5px; padding-top: 8px\"><i class=\"fa fa-user\" style=\"font-size: 17px; padding-right: 5px; color: #bcce0f; font-weight: bold;\"><\/i> <span style=\"font-size: 14px; padding-bottom: 5px; font-weight: 600;\">OTROS<\/span><\/p>\n<ul style=\"margin-left: 0.2em;\">\n<li style=\"font-size: 15px;\"><span style=\"text-transform: capitalize;\">Curetti Florencia<\/span><\/li>\n<li style=\"font-size: 15px;\"><span style=\"text-transform: capitalize;\">Rojas Marianela<\/span><\/li>\n<li style=\"font-size: 15px;\"><span style=\"text-transform: capitalize;\">Manetti Leandro<\/span><\/li>\n<li style=\"font-size: 15px;\"><span style=\"text-transform: capitalize;\">Kuhn Angela<\/span><\/li>\n<\/ul>\n<\/div>\n<\/div>\n<\/div>\n<!--\/wp html -->\t\t\t\t                            <\/div>\n\t\t        \n                    <div id=\"resumen-del-proyecto-tab\" class=\"clearfix eael-tab-content-item active-default\" data-title-link=\"resumen-del-proyecto-tab\">\n\t\t\t\t        \t\t\t\t\t        <h5>Resumen<\/h5>\n<p>La transformaci\u00f3n digital se ha convertido en el veh\u00edculo m\u00e1s promisorio para la modernizaci\u00f3n del quehacer de las organizaciones y de los modelos de gesti\u00f3n entre los actores de una cadena, sector y\/o regi\u00f3n. Producto de las consecuencias del cambio clim\u00e1tico, la descarbonizaci\u00f3n se suma como otro elemento impulsor de innovaciones hacia la necesaria transici\u00f3n energ\u00e9tica resultando una tendencia de adhesi\u00f3n creciente en el sector productivo.<\/p>\n<p>En este entorno de cambios impulsados por la digitalizaci\u00f3n y la descarbonizaci\u00f3n como ejes tractores, los servicios log\u00edsticos y de mantenimiento, con la complejidad a\u00f1adida del contexto de internacionalizaci\u00f3n en la localizaci\u00f3n de sus diferentes eslabones, cobran un rol estrat\u00e9gico para dotar de sostenibilidad a las empresas que se encuentran en una acelerada migraci\u00f3n hacia ecosistemas digitales atendiendo a complejos requerimientos de coordinaci\u00f3n e interconexi\u00f3n bajo nuevos modelos de gobernanza.<\/p>\n<p>Frente a estas tendencias los puertos, como concentradores de los dos tercios del comercio internacional, resultan un escenario clave en las cadenas de suministro global para adoptar pr\u00e1cticas de transporte m\u00e1s sostenibles y fomentar la colaboraci\u00f3n entre diferentes actores a fin de adoptar medidas de mitigaci\u00f3n de emisiones de sustancias contaminantes y de promoci\u00f3n digital, en el marco de una pol\u00edtica de desarrollo regional sostenible. Los puertos m\u00e1s importantes del sur de la provincia de Bs. As., Bah\u00eda Blanca y Mar del Plata, se enfrentan adem\u00e1s de las tendencias mencionadas, a un impacto de gran escala con la autorizaci\u00f3n de la exploraci\u00f3n hidrocarbur\u00edfera en el \u00e1rea CAN_100 (Cuenca Argentina Norte), con ingentes demandas de servicios t\u00e9cnicos, log\u00edsticos y de gesti\u00f3n para el desarrollo de la explotaci\u00f3n offshore.<\/p>\n<p>El prop\u00f3sito del proyecto se centra en modelar los requerimientos tecnol\u00f3gicos -capacidades log\u00edsticas y t\u00e9cnicas- para afrontar la radicaci\u00f3n de la nueva industria y las tendencias globales para los diferentes niveles de autoridad (municipal, provincial, nacional) a fin de facilitar el proceso de desarrollo sostenible de la regi\u00f3n.<\/p>\t\t\t\t                            <\/div>\n\t\t                    <\/div>\n        <\/div>\n\t\t<\/div>\n\t\t\t\t<\/div>\n\t\t\t\t\t<\/div>\n\t\t<\/div>\n\t\t\t\t\t<\/div>\n\t\t<\/section>\n\t\t\t\t<\/div>\n\t\t","protected":false},"excerpt":{"rendered":"<p>TOIFIMP0010266TC\u2013 Gesti\u00f3n sostenible e inteligente de la cadena de suministro en la industria offshore Directora: ZANFRILLO, ALICIA Inicio: 1\/04\/2024 \u2013 Finalizaci\u00f3n: 31\/03\/2027.<\/p>\n","protected":false},"author":3,"featured_media":0,"comment_status":"closed","ping_status":"closed","sticky":false,"template":"","format":"standard","meta":{"site-sidebar-layout":"default","site-content-layout":"","ast-site-content-layout":"default","site-content-style":"default","site-sidebar-style":"default","ast-global-header-display":"","ast-banner-title-visibility":"","ast-main-header-display":"","ast-hfb-above-header-display":"","ast-hfb-below-header-display":"","ast-hfb-mobile-header-display":"","site-post-title":"disabled","ast-breadcrumbs-content":"","ast-featured-img":"","footer-sml-layout":"","theme-transparent-header-meta":"","adv-header-id-meta":"","stick-header-meta":"","header-above-stick-meta":"","header-main-stick-meta":"","header-below-stick-meta":"","astra-migrate-meta-layouts":"set","ast-page-background-enabled":"default","ast-page-background-meta":{"desktop":{"background-color":"","background-image":"","background-repeat":"repeat","background-position":"center center","background-size":"auto","background-attachment":"scroll","background-type":"","background-media":"","overlay-type":"","overlay-color":"","overlay-gradient":""},"tablet":{"background-color":"","background-image":"","background-repeat":"repeat","background-position":"center center","background-size":"auto","background-attachment":"scroll","background-type":"","background-media":"","overlay-type":"","overlay-color":"","overlay-gradient":""},"mobile":{"background-color":"","background-image":"","background-repeat":"repeat","background-position":"center center","background-size":"auto","background-attachment":"scroll","background-type":"","background-media":"","overlay-type":"","overlay-color":"","overlay-gradient":""}},"ast-content-background-meta":{"desktop":{"background-color":"var(--ast-global-color-5)","background-image":"","background-repeat":"repeat","background-position":"center center","background-size":"auto","background-attachment":"scroll","background-type":"","background-media":"","overlay-type":"","overlay-color":"","overlay-gradient":""},"tablet":{"background-color":"var(--ast-global-color-5)","background-image":"","background-repeat":"repeat","background-position":"center center","background-size":"auto","background-attachment":"scroll","background-type":"","background-media":"","overlay-type":"","overlay-color":"","overlay-gradient":""},"mobile":{"background-color":"var(--ast-global-color-5)","background-image":"","background-repeat":"repeat","background-position":"center center","background-size":"auto","background-attachment":"scroll","background-type":"","background-media":"","overlay-type":"","overlay-color":"","overlay-gradient":""}},"footnotes":""},"categories":[131],"tags":[],"class_list":["post-15421","post","type-post","status-publish","format-standard","hentry","category-vigentes-con-incentivo"],"_links":{"self":[{"href":"https:\/\/www.frbb.utn.edu.ar\/frbb\/wp-json\/wp\/v2\/posts\/15421"}],"collection":[{"href":"https:\/\/www.frbb.utn.edu.ar\/frbb\/wp-json\/wp\/v2\/posts"}],"about":[{"href":"https:\/\/www.frbb.utn.edu.ar\/frbb\/wp-json\/wp\/v2\/types\/post"}],"author":[{"embeddable":true,"href":"https:\/\/www.frbb.utn.edu.ar\/frbb\/wp-json\/wp\/v2\/users\/3"}],"replies":[{"embeddable":true,"href":"https:\/\/www.frbb.utn.edu.ar\/frbb\/wp-json\/wp\/v2\/comments?post=15421"}],"version-history":[{"count":4,"href":"https:\/\/www.frbb.utn.edu.ar\/frbb\/wp-json\/wp\/v2\/posts\/15421\/revisions"}],"predecessor-version":[{"id":32853,"href":"https:\/\/www.frbb.utn.edu.ar\/frbb\/wp-json\/wp\/v2\/posts\/15421\/revisions\/32853"}],"wp:attachment":[{"href":"https:\/\/www.frbb.utn.edu.ar\/frbb\/wp-json\/wp\/v2\/media?parent=15421"}],"wp:term":[{"taxonomy":"category","embeddable":true,"href":"https:\/\/www.frbb.utn.edu.ar\/frbb\/wp-json\/wp\/v2\/categories?post=15421"},{"taxonomy":"post_tag","embeddable":true,"href":"https:\/\/www.frbb.utn.edu.ar\/frbb\/wp-json\/wp\/v2\/tags?post=15421"}],"curies":[{"name":"wp","href":"https:\/\/api.w.org\/{rel}","templated":true}]}}