{"id":1564,"date":"2016-01-01T19:44:00","date_gmt":"2016-01-01T22:44:00","guid":{"rendered":"http:\/\/pc5.frbb.utn.edu.ar\/frbb\/?p=1564"},"modified":"2024-12-17T19:19:09","modified_gmt":"2024-12-17T22:19:09","slug":"3972tc","status":"publish","type":"post","link":"https:\/\/www.frbb.utn.edu.ar\/frbb\/scyt\/proyectos\/finalizados-con-incentivo\/3972tc\/","title":{"rendered":"3972TC Procesamiento de Se\u00f1ales Vibro-ac\u00fasticas. An\u00e1lisis de Casos de Estudio, Modelaci\u00f3n, Prototipado y Experimentaci\u00f3n"},"content":{"rendered":"\n<div class=\"row\">\n  <div class=\"col-md-9\">\n        <p><strong>Grupo: <\/strong>SITIC<br>\n    <strong>Director:<\/strong>  FRIEDRICH , Guillermo Rodolfo<\/p>\n <p> <strong>Fecha  de Inicio<\/strong>: 01\/01\/2016              <strong> Fecha de  Finalizaci\u00f3n<\/strong>: 31\/12\/2018<\/p>\n\t\t<p>En el marco del presente proyecto se propone trabajar a partir de casos de estudio que sean de inter\u00e9s en el \u00e1mbito local y\/o regional, con la finalidad \u00faltima de obtener resultados de aplicaci\u00f3n pr\u00e1ctica.<\/p>\n        <p>El proyecto a desarrollar incluye una profundizaci\u00f3n en el conocimiento del estado del arte y las tecnolog\u00edas vinculadas al tema, mediante el relevamiento y estudio de bibliograf\u00eda y publicaciones. Tambi\u00e9n se efectuar\u00e1 un relevamiento , a nivel local y regional, de problemas no resueltos y\/o aquellos cuya soluci\u00f3n podr\u00eda ser optimizada mediante t\u00e9cnicas de inter\u00e9s en el marco del proyecto<\/p>\n       \n        <div style=\"padding-bottom:20px\"><\/div>\n  <\/div>\n  <div class=\"col-md-3\" style=\"padding-top:20px\">\n        <div class=\"intgemat z-depth-1\">\n            <h4><!--<span><i class=\"fa fa-file-text-o\"><\/i><\/span>-->Integrantes del Grupo<\/h4>\n            <p><span><i class=\"fa fa-user\" style=\"padding-right:5px\"><\/i><\/span> Director<\/p>\n            <ul style=\"margin-left:0.2em\">\n                <li><span style=\"text-transform:uppercase\"> FRIEDRICH<\/span><span style=\"text-transform:capitalize\">, Guillermo Rodolfo<\/span><\/li>\n            <\/ul>\n            <p><span><i class=\"fa fa-user-plus\" style=\"padding-right:3px\"><\/i><\/span> Co-Director<\/p>\n          <ul style=\"margin-left:0.2em\">\n       \t    <li><span style=\"text-transform:uppercase\"> Gir\u00f3n <\/span><span style=\"text-transform:capitalize\">, Pablo Guillermo<\/span><\/li>\n          <\/ul>\n            <p><span><i class=\"fa fa-user-plus\" style=\"padding-right:3px\"><\/i><\/span> Investigador Formado<\/p>\n          <ul style=\"margin-left:0.2em\">\n       \t    <li><span style=\"text-transform:uppercase\"> Azzurro<\/span><span style=\"text-transform:capitalize\">, Adri\u00e1n Pedro <\/span><\/li>\n            <li><span style=\"text-transform:uppercase\"> Reggiani<\/span><span style=\"text-transform:capitalize\">, Guillermo H\u00e9ctor <\/span><\/li>\n            <li><span style=\"text-transform:uppercase\"> Bambill<\/span><span style=\"text-transform:capitalize\">, H\u00e9ctor Ricardo<\/span><\/li>\n            <li><span style=\"text-transform:uppercase\"> Baldini<\/span><span style=\"text-transform:capitalize\">, Patricia Noemi<\/span><\/li>\n            <li><span style=\"text-transform:uppercase\"> Coppo<\/span><span style=\"text-transform:capitalize\">, Ricardo Juan<\/span><\/li>\n          <\/ul>\n            <p><span><i class=\"fa fa-user-plus\" style=\"padding-right:3px\"><\/i><\/span> Becario BINID<\/p>\n          <ul style=\"margin-left:0.2em\">\n            <li><span style=\"text-transform:uppercase\"> Cofr\u00e9<\/span><span style=\"text-transform:capitalize\">, Lorena<\/span><\/li>\n          <\/ul>\n            <p><span><i class=\"fa fa-user-plus\" style=\"padding-right:3px\"><\/i><\/span> Becarios Alumnos I+D<\/p>\n          <ul style=\"margin-left:0.2em\">\n       \t    <li><span style=\"text-transform:uppercase\"> Cerda<\/span><span style=\"text-transform:capitalize\">, Prudencio Ezequiel<\/span><\/li>\n          <\/ul>\n            <div style=\"padding-bottom:20px\"><\/div>\n        <\/div>\n  <\/div>    \n<\/div>\n","protected":false},"excerpt":{"rendered":"<p>3972TC Procesamiento de se\u00f1ales vibro-ac\u00fasticas, an\u00e1lisis de casos de estudio, modelaci\u00f3n, prototipado y experimentaci\u00f3n. Director: FRIEDRICH , Guillermo Rodolfo Inicio: 01\/01\/2016 Finalizaci\u00f3n: 31\/12\/2018.<\/p>\n","protected":false},"author":1,"featured_media":0,"comment_status":"closed","ping_status":"closed","sticky":false,"template":"","format":"standard","meta":{"site-sidebar-layout":"default","site-content-layout":"","ast-site-content-layout":"default","site-content-style":"default","site-sidebar-style":"default","ast-global-header-display":"","ast-banner-title-visibility":"","ast-main-header-display":"","ast-hfb-above-header-display":"","ast-hfb-below-header-display":"","ast-hfb-mobile-header-display":"","site-post-title":"","ast-breadcrumbs-content":"","ast-featured-img":"","footer-sml-layout":"","theme-transparent-header-meta":"","adv-header-id-meta":"","stick-header-meta":"","header-above-stick-meta":"","header-main-stick-meta":"","header-below-stick-meta":"","astra-migrate-meta-layouts":"set","ast-page-background-enabled":"default","ast-page-background-meta":{"desktop":{"background-color":"","background-image":"","background-repeat":"repeat","background-position":"center center","background-size":"auto","background-attachment":"scroll","background-type":"","background-media":"","overlay-type":"","overlay-color":"","overlay-gradient":""},"tablet":{"background-color":"","background-image":"","background-repeat":"repeat","background-position":"center center","background-size":"auto","background-attachment":"scroll","background-type":"","background-media":"","overlay-type":"","overlay-color":"","overlay-gradient":""},"mobile":{"background-color":"","background-image":"","background-repeat":"repeat","background-position":"center center","background-size":"auto","background-attachment":"scroll","background-type":"","background-media":"","overlay-type":"","overlay-color":"","overlay-gradient":""}},"ast-content-background-meta":{"desktop":{"background-color":"var(--ast-global-color-5)","background-image":"","background-repeat":"repeat","background-position":"center center","background-size":"auto","background-attachment":"scroll","background-type":"","background-media":"","overlay-type":"","overlay-color":"","overlay-gradient":""},"tablet":{"background-color":"var(--ast-global-color-5)","background-image":"","background-repeat":"repeat","background-position":"center center","background-size":"auto","background-attachment":"scroll","background-type":"","background-media":"","overlay-type":"","overlay-color":"","overlay-gradient":""},"mobile":{"background-color":"var(--ast-global-color-5)","background-image":"","background-repeat":"repeat","background-position":"center center","background-size":"auto","background-attachment":"scroll","background-type":"","background-media":"","overlay-type":"","overlay-color":"","overlay-gradient":""}},"footnotes":""},"categories":[117],"tags":[114],"class_list":["post-1564","post","type-post","status-publish","format-standard","hentry","category-finalizados-con-incentivo","tag-sitic"],"_links":{"self":[{"href":"https:\/\/www.frbb.utn.edu.ar\/frbb\/wp-json\/wp\/v2\/posts\/1564"}],"collection":[{"href":"https:\/\/www.frbb.utn.edu.ar\/frbb\/wp-json\/wp\/v2\/posts"}],"about":[{"href":"https:\/\/www.frbb.utn.edu.ar\/frbb\/wp-json\/wp\/v2\/types\/post"}],"author":[{"embeddable":true,"href":"https:\/\/www.frbb.utn.edu.ar\/frbb\/wp-json\/wp\/v2\/users\/1"}],"replies":[{"embeddable":true,"href":"https:\/\/www.frbb.utn.edu.ar\/frbb\/wp-json\/wp\/v2\/comments?post=1564"}],"version-history":[{"count":0,"href":"https:\/\/www.frbb.utn.edu.ar\/frbb\/wp-json\/wp\/v2\/posts\/1564\/revisions"}],"wp:attachment":[{"href":"https:\/\/www.frbb.utn.edu.ar\/frbb\/wp-json\/wp\/v2\/media?parent=1564"}],"wp:term":[{"taxonomy":"category","embeddable":true,"href":"https:\/\/www.frbb.utn.edu.ar\/frbb\/wp-json\/wp\/v2\/categories?post=1564"},{"taxonomy":"post_tag","embeddable":true,"href":"https:\/\/www.frbb.utn.edu.ar\/frbb\/wp-json\/wp\/v2\/tags?post=1564"}],"curies":[{"name":"wp","href":"https:\/\/api.w.org\/{rel}","templated":true}]}}