{"id":1571,"date":"2016-01-01T19:45:00","date_gmt":"2016-01-01T22:45:00","guid":{"rendered":"http:\/\/pc5.frbb.utn.edu.ar\/frbb\/?p=1571"},"modified":"2025-10-24T19:27:03","modified_gmt":"2025-10-24T22:27:03","slug":"4042tc","status":"publish","type":"post","link":"https:\/\/www.frbb.utn.edu.ar\/frbb\/scyt\/proyectos\/finalizados-con-incentivo\/4042tc\/","title":{"rendered":"4042TC Novedoso Dise\u00f1o Integral de un Aerogenerador Electrico con Materiales Compuestos Vitreos de Nanoparticulas"},"content":{"rendered":"\n<div class=\"row\">\n  <div class=\"col-md-9\">\n        <p><strong>Grupo: <\/strong>GESE<br>\n        <strong>Director:<\/strong>  di PR\u00c1TULA , Horacio<\/p>\n  <p> <strong>Fecha  de Inicio<\/strong>: 01\/01\/2016              <strong> Fecha de  Finalizaci\u00f3n<\/strong>: 31\/12\n\n4042TC Novedoso Dise\u00f1o Integral de un Aerogenerador Electrico con Materiales Compuestos Vitreos de Nanopart\u00edculas Director: di PR\u00c1TULA , Horacio Inicio: 01\/01\/2016 Finalizaci\u00f3n: 31\/12\/2018.\n\/2018<\/p>\n\t\t<p>Este proyecto toma el resultado de dos proyectos anteriores que permitieron el dise\u00f1o de un generados, ya en proceso de patentamiento, hall\u00e1ndose en construccion el prototipo con materiales convencionales y el objetivo presente es incorporar un material vitreo resultado del segundo proyecto de investigaci\u00f3n sobre nuevos materiales nanocristalizadospara la conducci\u00f3n magn\u00e9tica.<\/p>\n      \n        <div style=\"padding-bottom:20px\"><\/div>\n  <\/div>\n  <div class=\"col-md-3\" style=\"padding-top:20px\">\n        <div class=\"intgemat z-depth-1\">\n            <h4><!--<span><i class=\"fa fa-file-text-o\"><\/i><\/span>-->Integrantes del Grupo<\/h4>\n            <p><span><i class=\"fa fa-user\" style=\"padding-right:5px\"><\/i><\/span> Director<\/p>\n            <ul style=\"margin-left:0.2em\">\n                <li><span style=\"text-transform:uppercase\"> di PR\u00c1TULA<\/span><span style=\"text-transform:capitalize\">, Horacio<\/span><\/li>\n            <\/ul>\n            <p><span><i class=\"fa fa-user-plus\" style=\"padding-right:3px\"><\/i><\/span> Co-Director<\/p>\n          <ul style=\"margin-left:0.2em\">\n       \t    <li><span style=\"text-transform:uppercase\"> Rossi<\/span><span style=\"text-transform:capitalize\">, Andrea Paulae<\/span><\/li>\n          <\/ul>\n            <p><span><i class=\"fa fa-user-plus\" style=\"padding-right:3px\"><\/i><\/span> Investigador Formado\t<\/p>\n          <ul style=\"margin-left:0.2em\">\n       \t    <li><span style=\"text-transform:uppercase\"> Guillermo<\/span><span style=\"text-transform:capitalize\">, Eduardo<\/span><\/li>\n          <\/ul>\n            <p><span><i class=\"fa fa-user-plus\" style=\"padding-right:3px\"><\/i><\/span> Investigador de Apoyo\t\t<\/p>\n          <ul style=\"margin-left:0.2em\">\n            <li><span style=\"text-transform:uppercase\"> Petris<\/span><span style=\"text-transform:capitalize\">, Diego<\/span><\/li>\n            <li><span style=\"text-transform:uppercase\"> Anton<\/span><span style=\"text-transform:capitalize\">, Marcelo<\/span><\/li>\n            <li><span style=\"text-transform:uppercase\"> Delbianco<\/span><span style=\"text-transform:capitalize\">, Horacio<\/span><\/li>\n          <\/ul>\n            <p><span><i class=\"fa fa-user-plus\" style=\"padding-right:3px\"><\/i><\/span> Becados BINID<\/p>\n          <ul style=\"margin-left:0.2em\">\n       \t    <li><span style=\"text-transform:uppercase\"> Verdugo<\/span><span style=\"text-transform:capitalize\">, El\u00edas<\/span><\/li>\n          <\/ul>\n            <p><span><i class=\"fa fa-user-plus\" style=\"padding-right:3px\"><\/i><\/span> Becarios Alumnos I+D\t<\/p>\n          <ul style=\"margin-left:0.2em\">\n       \t    <li><span style=\"text-transform:uppercase\"> Roteta Lannes<\/span><span style=\"text-transform:capitalize\">, Juan Andr\u00e9s<\/span><\/li>\n          <\/ul>\n            <div style=\"padding-bottom:20px\"><\/div>\n        <\/div>\n  <\/div>    \n<\/div>\n","protected":false},"excerpt":{"rendered":"<p>4042TC Novedoso Dise\u00f1o Integral de un Aerogenerador Electrico con Materiales Compuestos Vitreos de Nanopart\u00edculas Director: di PR\u00c1TULA , Horacio Inicio: 01\/01\/2016 Finalizaci\u00f3n: 31\/12\/2018.<\/p>\n","protected":false},"author":1,"featured_media":0,"comment_status":"closed","ping_status":"closed","sticky":false,"template":"","format":"standard","meta":{"site-sidebar-layout":"default","site-content-layout":"","ast-site-content-layout":"default","site-content-style":"default","site-sidebar-style":"default","ast-global-header-display":"","ast-banner-title-visibility":"","ast-main-header-display":"","ast-hfb-above-header-display":"","ast-hfb-below-header-display":"","ast-hfb-mobile-header-display":"","site-post-title":"","ast-breadcrumbs-content":"","ast-featured-img":"","footer-sml-layout":"","theme-transparent-header-meta":"","adv-header-id-meta":"","stick-header-meta":"","header-above-stick-meta":"","header-main-stick-meta":"","header-below-stick-meta":"","astra-migrate-meta-layouts":"set","ast-page-background-enabled":"default","ast-page-background-meta":{"desktop":{"background-color":"","background-image":"","background-repeat":"repeat","background-position":"center center","background-size":"auto","background-attachment":"scroll","background-type":"","background-media":"","overlay-type":"","overlay-color":"","overlay-gradient":""},"tablet":{"background-color":"","background-image":"","background-repeat":"repeat","background-position":"center center","background-size":"auto","background-attachment":"scroll","background-type":"","background-media":"","overlay-type":"","overlay-color":"","overlay-gradient":""},"mobile":{"background-color":"","background-image":"","background-repeat":"repeat","background-position":"center center","background-size":"auto","background-attachment":"scroll","background-type":"","background-media":"","overlay-type":"","overlay-color":"","overlay-gradient":""}},"ast-content-background-meta":{"desktop":{"background-color":"var(--ast-global-color-5)","background-image":"","background-repeat":"repeat","background-position":"center center","background-size":"auto","background-attachment":"scroll","background-type":"","background-media":"","overlay-type":"","overlay-color":"","overlay-gradient":""},"tablet":{"background-color":"var(--ast-global-color-5)","background-image":"","background-repeat":"repeat","background-position":"center center","background-size":"auto","background-attachment":"scroll","background-type":"","background-media":"","overlay-type":"","overlay-color":"","overlay-gradient":""},"mobile":{"background-color":"var(--ast-global-color-5)","background-image":"","background-repeat":"repeat","background-position":"center center","background-size":"auto","background-attachment":"scroll","background-type":"","background-media":"","overlay-type":"","overlay-color":"","overlay-gradient":""}},"footnotes":""},"categories":[117,141],"tags":[118],"class_list":["post-1571","post","type-post","status-publish","format-standard","hentry","category-finalizados-con-incentivo","category-gese-proyecto-finalizado","tag-gese"],"_links":{"self":[{"href":"https:\/\/www.frbb.utn.edu.ar\/frbb\/wp-json\/wp\/v2\/posts\/1571"}],"collection":[{"href":"https:\/\/www.frbb.utn.edu.ar\/frbb\/wp-json\/wp\/v2\/posts"}],"about":[{"href":"https:\/\/www.frbb.utn.edu.ar\/frbb\/wp-json\/wp\/v2\/types\/post"}],"author":[{"embeddable":true,"href":"https:\/\/www.frbb.utn.edu.ar\/frbb\/wp-json\/wp\/v2\/users\/1"}],"replies":[{"embeddable":true,"href":"https:\/\/www.frbb.utn.edu.ar\/frbb\/wp-json\/wp\/v2\/comments?post=1571"}],"version-history":[{"count":0,"href":"https:\/\/www.frbb.utn.edu.ar\/frbb\/wp-json\/wp\/v2\/posts\/1571\/revisions"}],"wp:attachment":[{"href":"https:\/\/www.frbb.utn.edu.ar\/frbb\/wp-json\/wp\/v2\/media?parent=1571"}],"wp:term":[{"taxonomy":"category","embeddable":true,"href":"https:\/\/www.frbb.utn.edu.ar\/frbb\/wp-json\/wp\/v2\/categories?post=1571"},{"taxonomy":"post_tag","embeddable":true,"href":"https:\/\/www.frbb.utn.edu.ar\/frbb\/wp-json\/wp\/v2\/tags?post=1571"}],"curies":[{"name":"wp","href":"https:\/\/api.w.org\/{rel}","templated":true}]}}