{"id":1588,"date":"2017-01-01T19:48:00","date_gmt":"2017-01-01T22:48:00","guid":{"rendered":"http:\/\/pc5.frbb.utn.edu.ar\/frbb\/?p=1588"},"modified":"2024-12-17T19:22:02","modified_gmt":"2024-12-17T22:22:02","slug":"4558tc","status":"publish","type":"post","link":"https:\/\/www.frbb.utn.edu.ar\/frbb\/scyt\/proyectos\/finalizados-con-incentivo\/4558tc\/","title":{"rendered":"4558TC La Formaci\u00f3n en Carreras Tecnol\u00f3gicas en Contextos Profesionales. Identificaci\u00f3n, An\u00e1lisis, Propuesta y Evaluaci\u00f3n de Experiencias Formativas Profesionalizantes. (PLATEC II)"},"content":{"rendered":"\n  <div class=\"row\">\n    <div class=\"col-md-9\">\n          <p><strong>Grupo: <\/strong>SITIC<br>\n          <strong>Director:<\/strong>  Friedrich , Guillermo Rodolfo<\/p>\n<p> <strong>Fecha  de Inicio<\/strong>: 01\/01\/2017            <strong> Fecha de  Finalizaci\u00f3n<\/strong>: 31\/12\/2019<\/p>\n      <p>En este marco, el presente Proyecto de Investigaci\u00f3n y Desarrollo: \u201cFormaci\u00f3n de carreras tecnol\u00f3gicas en contextos profesionales Identificaci\u00f3n, an\u00e1lisis, propuesta y evaluaci\u00f3n de experiencias formativas profesionalizantes (PID PLATEC II)\u201d se encuadra en una continuidad con el PID UTN 25\/B034 \u201cUtilizaci\u00f3n de una plataforma tecnol\u00f3gica como herramienta pedag\u00f3gica para la ense\u00f1anza de la ingenier\u00eda (PID PLATEC I)\u201d, donde se generaron nuevos modelos formativos en contextos profesionales entre 2013 y 2015, especialmente en la Plataforma Tecnol\u00f3gica (PLATEC) y la Unidad de Desarrollo Industrial y Tecnol\u00f3gico (UDITEC) de la Facultad Regional Bah\u00eda Blanca de la Universidad Tecnol\u00f3gica Nacional (UTN FRBB), ubicadas en el Parque Industrial Bah\u00eda Blanca.<\/p>\n      <p>El actual proyecto busca ampliar el estudio iniciado, analizando las experiencias educativas en contextos profesionales que se desarrollan en las carreras de UTN FRBB, transfiri\u00e9ndoles la metodolog\u00eda ya desarrollada en dicho PID, a trav\u00e9s de la incorporaci\u00f3n de herramientas did\u00e1cticas y de investigaci\u00f3n, a fin de analizar el impacto formativo de las mismas y continuar generando nuevos modelos innovadores de formaci\u00f3n profesional.<\/p>\n          <p>Los objetivos de investigaci\u00f3n que persigue son identificar las experiencias mencionadas en las carreras de UTN FRBB, sistematizar su organizaci\u00f3n pedag\u00f3gica buscando apreciar el nivel de coherencia de sus componentes, incorporar dispositivos did\u00e1cticos y de investigaci\u00f3n, estudiar el impacto formativo de las mismas, efectuar comparaciones entre los resultados de las experiencias del proyecto anterior (2013-2015), su continuidad y el nuevo proyecto (2016\/2017-2018) y apreciar tendencias en t\u00e9rminos de fortalezas y limitaciones que brindan estas experiencias a la formaci\u00f3n tecnol\u00f3gica en la actualidad.<\/p>\n          \n          \n          <div style=\"padding-bottom:20px\"><\/div>\n    <\/div>\n    <div class=\"col-md-3\" style=\"padding-top:20px\">\n          <div class=\"intgemat z-depth-1\">\n              <h4>Integrantes del Grupo<\/h4>\n              <p><i class=\"fa fa-user\" style=\"padding-right:5px\"><\/i> Director<\/p>\n              <ul style=\"margin-left:0.2em\">\n                  <li> FRIEDRICH <span> Guillermo Rodolfo <\/span><\/li>\n              <\/ul>\n              <p><i class=\"fa fa-user\" style=\"padding-right:5px\"><\/i> Codirector<\/p>\n              <ul>\n                <li> Gir\u00f3n <span> Pablo Guillermo <\/span><\/li>\n                <li> Cura <span> Rafael Omar <\/span><\/li>\n              <\/ul>\n              <p><i class=\"fa fa-user-plus\" style=\"padding-right:3px\"><\/i> Investigador de Apoyo\t<\/p>\n              <ul style=\"margin-left:0.2em\">\n                 <li> Azurmendi <span> Virginia <\/span><\/li> \n                <li> Gallego <span> Danna <\/span><\/li>\n                <li> Obiol <span> Serio Agust\u00edn <\/span><\/li>\n                <li> Izquierdo <span> Mauro <\/span><\/li>             \n              <\/ul>\n            <p><i class=\"fa fa-user-plus\" style=\"padding-right:3px\"><\/i> Investigador Formado<\/p>  \n              <ul style=\"margin-left:0.2em\">\n                <li> Ercoli <span> Liberto <\/span><\/li>\n                <li> Marinsalta <span> Mar\u00eda Mercedes <\/span><\/li>\n                <li> Azzurro <span> Adri\u00e1n Pedro <\/span><\/li>\n            <\/ul>\n            <p><i class=\"fa fa-user-plus\" style=\"padding-right:3px\"><\/i> Becarios Alumnos I+D<\/p>  \n              <ul style=\"margin-left:0.2em\">\n                <li> Annibali <span> Gonzalo <\/span><\/li>\n                <li> Raspante <span> Jonatan <\/span><\/li>\n                <li> Salazar Leybor <span> Carolina Alejandra <\/span><\/li>\n                <li> Moscovakis <span> Leon <\/span><\/li>\n                <li> Bender <span> Nicol\u00e1s <\/span><\/li>\n                <li> Sosa <span> Mauricio <\/span><\/li>\n            <\/ul>\n  \n              <div style=\"padding-bottom:20px\"><\/div>\n          <\/div>\n    <\/div>    \n  <\/div>\n","protected":false},"excerpt":{"rendered":"<p>4558TC La formaci\u00f3n en carreras tecnol\u00f3gicas en contextos profesionales. Identificaci\u00f3n, an\u00e1lisis, propuesta y evaluaci\u00f3n de experiencias formativas profesionalizantes. (PLATEC II) Director: Friedrich , Guillermo Rodolfo Inicio: 01\/01\/2017 Finalizaci\u00f3n: 31\/12\/2019<\/p>\n","protected":false},"author":1,"featured_media":0,"comment_status":"closed","ping_status":"closed","sticky":false,"template":"","format":"standard","meta":{"site-sidebar-layout":"default","site-content-layout":"","ast-site-content-layout":"default","site-content-style":"default","site-sidebar-style":"default","ast-global-header-display":"","ast-banner-title-visibility":"","ast-main-header-display":"","ast-hfb-above-header-display":"","ast-hfb-below-header-display":"","ast-hfb-mobile-header-display":"","site-post-title":"","ast-breadcrumbs-content":"","ast-featured-img":"","footer-sml-layout":"","theme-transparent-header-meta":"","adv-header-id-meta":"","stick-header-meta":"","header-above-stick-meta":"","header-main-stick-meta":"","header-below-stick-meta":"","astra-migrate-meta-layouts":"set","ast-page-background-enabled":"default","ast-page-background-meta":{"desktop":{"background-color":"","background-image":"","background-repeat":"repeat","background-position":"center center","background-size":"auto","background-attachment":"scroll","background-type":"","background-media":"","overlay-type":"","overlay-color":"","overlay-gradient":""},"tablet":{"background-color":"","background-image":"","background-repeat":"repeat","background-position":"center center","background-size":"auto","background-attachment":"scroll","background-type":"","background-media":"","overlay-type":"","overlay-color":"","overlay-gradient":""},"mobile":{"background-color":"","background-image":"","background-repeat":"repeat","background-position":"center center","background-size":"auto","background-attachment":"scroll","background-type":"","background-media":"","overlay-type":"","overlay-color":"","overlay-gradient":""}},"ast-content-background-meta":{"desktop":{"background-color":"var(--ast-global-color-5)","background-image":"","background-repeat":"repeat","background-position":"center center","background-size":"auto","background-attachment":"scroll","background-type":"","background-media":"","overlay-type":"","overlay-color":"","overlay-gradient":""},"tablet":{"background-color":"var(--ast-global-color-5)","background-image":"","background-repeat":"repeat","background-position":"center center","background-size":"auto","background-attachment":"scroll","background-type":"","background-media":"","overlay-type":"","overlay-color":"","overlay-gradient":""},"mobile":{"background-color":"var(--ast-global-color-5)","background-image":"","background-repeat":"repeat","background-position":"center center","background-size":"auto","background-attachment":"scroll","background-type":"","background-media":"","overlay-type":"","overlay-color":"","overlay-gradient":""}},"footnotes":""},"categories":[117],"tags":[114],"class_list":["post-1588","post","type-post","status-publish","format-standard","hentry","category-finalizados-con-incentivo","tag-sitic"],"_links":{"self":[{"href":"https:\/\/www.frbb.utn.edu.ar\/frbb\/wp-json\/wp\/v2\/posts\/1588"}],"collection":[{"href":"https:\/\/www.frbb.utn.edu.ar\/frbb\/wp-json\/wp\/v2\/posts"}],"about":[{"href":"https:\/\/www.frbb.utn.edu.ar\/frbb\/wp-json\/wp\/v2\/types\/post"}],"author":[{"embeddable":true,"href":"https:\/\/www.frbb.utn.edu.ar\/frbb\/wp-json\/wp\/v2\/users\/1"}],"replies":[{"embeddable":true,"href":"https:\/\/www.frbb.utn.edu.ar\/frbb\/wp-json\/wp\/v2\/comments?post=1588"}],"version-history":[{"count":0,"href":"https:\/\/www.frbb.utn.edu.ar\/frbb\/wp-json\/wp\/v2\/posts\/1588\/revisions"}],"wp:attachment":[{"href":"https:\/\/www.frbb.utn.edu.ar\/frbb\/wp-json\/wp\/v2\/media?parent=1588"}],"wp:term":[{"taxonomy":"category","embeddable":true,"href":"https:\/\/www.frbb.utn.edu.ar\/frbb\/wp-json\/wp\/v2\/categories?post=1588"},{"taxonomy":"post_tag","embeddable":true,"href":"https:\/\/www.frbb.utn.edu.ar\/frbb\/wp-json\/wp\/v2\/tags?post=1588"}],"curies":[{"name":"wp","href":"https:\/\/api.w.org\/{rel}","templated":true}]}}