{"id":2156,"date":"2023-05-12T19:54:51","date_gmt":"2023-05-12T22:54:51","guid":{"rendered":"http:\/\/pc5.frbb.utn.edu.ar\/frbb\/?p=2156"},"modified":"2026-04-22T08:10:25","modified_gmt":"2026-04-22T11:10:25","slug":"seminario-universitario-para-el-ingreso-septiembre-diciembre","status":"publish","type":"post","link":"https:\/\/www.frbb.utn.edu.ar\/frbb\/sacad\/seminario-universitario-para-el-ingreso-septiembre-diciembre\/","title":{"rendered":"Seminario Universitario para el Ingreso Septiembre-Diciembre"},"content":{"rendered":"\t\t<div data-elementor-type=\"wp-post\" data-elementor-id=\"2156\" class=\"elementor elementor-2156\">\n\t\t\t\t\t\t<section class=\"elementor-section elementor-top-section elementor-element elementor-element-0825963 elementor-section-boxed elementor-section-height-default elementor-section-height-default\" data-id=\"0825963\" data-element_type=\"section\">\n\t\t\t\t\t\t<div class=\"elementor-container elementor-column-gap-default\">\n\t\t\t\t\t<div class=\"elementor-column elementor-col-100 elementor-top-column elementor-element elementor-element-962e92d\" data-id=\"962e92d\" data-element_type=\"column\">\n\t\t\t<div class=\"elementor-widget-wrap elementor-element-populated\">\n\t\t\t\t\t\t<div class=\"elementor-element elementor-element-2bc6e16 elementor-widget elementor-widget-heading\" data-id=\"2bc6e16\" data-element_type=\"widget\" data-widget_type=\"heading.default\">\n\t\t\t\t<div class=\"elementor-widget-container\">\n\t\t\t<style>\/*! elementor - v3.23.0 - 05-08-2024 *\/\n.elementor-heading-title{padding:0;margin:0;line-height:1}.elementor-widget-heading .elementor-heading-title[class*=elementor-size-]>a{color:inherit;font-size:inherit;line-height:inherit}.elementor-widget-heading .elementor-heading-title.elementor-size-small{font-size:15px}.elementor-widget-heading .elementor-heading-title.elementor-size-medium{font-size:19px}.elementor-widget-heading .elementor-heading-title.elementor-size-large{font-size:29px}.elementor-widget-heading .elementor-heading-title.elementor-size-xl{font-size:39px}.elementor-widget-heading .elementor-heading-title.elementor-size-xxl{font-size:59px}<\/style><h2 class=\"elementor-heading-title elementor-size-default\">Seminario Universitario para el Ingreso  Septiembre-Diciembre <\/h2>\t\t<\/div>\n\t\t\t\t<\/div>\n\t\t\t\t\t<\/div>\n\t\t<\/div>\n\t\t\t\t\t<\/div>\n\t\t<\/section>\n\t\t\t\t<section class=\"elementor-section elementor-top-section elementor-element elementor-element-bf540df elementor-section-boxed elementor-section-height-default elementor-section-height-default\" data-id=\"bf540df\" data-element_type=\"section\">\n\t\t\t\t\t\t<div class=\"elementor-container elementor-column-gap-default\">\n\t\t\t\t\t<div class=\"elementor-column elementor-col-50 elementor-top-column elementor-element elementor-element-89f08cf\" data-id=\"89f08cf\" data-element_type=\"column\">\n\t\t\t<div class=\"elementor-widget-wrap elementor-element-populated\">\n\t\t\t\t\t\t<div class=\"elementor-element elementor-element-b0bcd3b elementor-widget elementor-widget-text-editor\" data-id=\"b0bcd3b\" data-element_type=\"widget\" data-widget_type=\"text-editor.default\">\n\t\t\t\t<div class=\"elementor-widget-container\">\n\t\t\t<style>\/*! elementor - v3.23.0 - 05-08-2024 *\/\n.elementor-widget-text-editor.elementor-drop-cap-view-stacked .elementor-drop-cap{background-color:#69727d;color:#fff}.elementor-widget-text-editor.elementor-drop-cap-view-framed .elementor-drop-cap{color:#69727d;border:3px solid;background-color:transparent}.elementor-widget-text-editor:not(.elementor-drop-cap-view-default) .elementor-drop-cap{margin-top:8px}.elementor-widget-text-editor:not(.elementor-drop-cap-view-default) .elementor-drop-cap-letter{width:1em;height:1em}.elementor-widget-text-editor .elementor-drop-cap{float:left;text-align:center;line-height:1;font-size:50px}.elementor-widget-text-editor .elementor-drop-cap-letter{display:inline-block}<\/style>\t\t\t\t<p>Si terminaste el secundario con un promedio de 9 (nueve) o m\u00e1s, y egresaste de una Escuela de Nivel Medio de gesti\u00f3n p\u00fablica, no ten\u00e9s que hacer Matem\u00e1tica y F\u00edsica del Seminario de Ingreso. <a href=\"\/frbb\/info\/secretarias\/academica\/notas_tipo\/nota-alumno-destacado.docx\"><b>Completa la siguiente nota para entregar en alumnos<\/b>.<\/a> Comunicate con Oficina de Alumnos para m\u00e1s informaci\u00f3n.<\/p>\t\t\t\t\t\t<\/div>\n\t\t\t\t<\/div>\n\t\t\t\t<div class=\"elementor-element elementor-element-adcc596 elementor-widget elementor-widget-toggle\" data-id=\"adcc596\" data-element_type=\"widget\" data-widget_type=\"toggle.default\">\n\t\t\t\t<div class=\"elementor-widget-container\">\n\t\t\t<style>\/*! elementor - v3.23.0 - 05-08-2024 *\/\n.elementor-toggle{text-align:start}.elementor-toggle .elementor-tab-title{font-weight:700;line-height:1;margin:0;padding:15px;border-bottom:1px solid #d5d8dc;cursor:pointer;outline:none}.elementor-toggle .elementor-tab-title .elementor-toggle-icon{display:inline-block;width:1em}.elementor-toggle .elementor-tab-title .elementor-toggle-icon svg{margin-inline-start:-5px;width:1em;height:1em}.elementor-toggle .elementor-tab-title .elementor-toggle-icon.elementor-toggle-icon-right{float:right;text-align:right}.elementor-toggle .elementor-tab-title .elementor-toggle-icon.elementor-toggle-icon-left{float:left;text-align:left}.elementor-toggle .elementor-tab-title .elementor-toggle-icon .elementor-toggle-icon-closed{display:block}.elementor-toggle .elementor-tab-title .elementor-toggle-icon .elementor-toggle-icon-opened{display:none}.elementor-toggle .elementor-tab-title.elementor-active{border-bottom:none}.elementor-toggle .elementor-tab-title.elementor-active .elementor-toggle-icon-closed{display:none}.elementor-toggle .elementor-tab-title.elementor-active .elementor-toggle-icon-opened{display:block}.elementor-toggle .elementor-tab-content{padding:15px;border-bottom:1px solid #d5d8dc;display:none}@media (max-width:767px){.elementor-toggle .elementor-tab-title{padding:12px}.elementor-toggle .elementor-tab-content{padding:12px 10px}}.e-con-inner>.elementor-widget-toggle,.e-con>.elementor-widget-toggle{width:var(--container-widget-width);--flex-grow:var(--container-widget-flex-grow)}<\/style>\t\t<div class=\"elementor-toggle\">\n\t\t\t\t\t\t\t<div class=\"elementor-toggle-item\">\n\t\t\t\t\t<div id=\"elementor-tab-title-1821\" class=\"elementor-tab-title\" data-tab=\"1\" role=\"button\" aria-controls=\"elementor-tab-content-1821\" aria-expanded=\"false\">\n\t\t\t\t\t\t\t\t\t\t\t\t<span class=\"elementor-toggle-icon elementor-toggle-icon-left\" aria-hidden=\"true\">\n\t\t\t\t\t\t\t\t\t\t\t\t\t\t\t<span class=\"elementor-toggle-icon-closed\"><i class=\"fas fa-caret-right\"><\/i><\/span>\n\t\t\t\t\t\t\t\t<span class=\"elementor-toggle-icon-opened\"><i class=\"elementor-toggle-icon-opened fas fa-caret-up\"><\/i><\/span>\n\t\t\t\t\t\t\t\t\t\t\t\t\t<\/span>\n\t\t\t\t\t\t\t\t\t\t\t\t<a class=\"elementor-toggle-title\" tabindex=\"0\">\u00bfQU\u00c9 ES EL PAICAT IMPLEMENTADO EN LA INSTANCIA SEPTIEMBRE-DICIEMBRE?<\/a>\n\t\t\t\t\t<\/div>\n\n\t\t\t\t\t<div id=\"elementor-tab-content-1821\" class=\"elementor-tab-content elementor-clearfix\" data-tab=\"1\" role=\"region\" aria-labelledby=\"elementor-tab-title-1821\">El PAICAT se propone como el primer espacio de contacto formal entre aspirantes a cursar carreras de Ingenier\u00eda y Licenciatura en la Universidad Tecnol\u00f3gica Nacional. En este espacio se espera lograr como resultado no solo la posibilidad de completar o rever contenidos del nivel secundario, sino tambi\u00e9n trabajar sobre competencias como la comprensi\u00f3n de textos, estrategias de an\u00e1lisis y comprensi\u00f3n de problemas, as\u00ed como tambi\u00e9n otras acciones que contribuyan a la cobertura de las necesidades cognitivas y de motivaci\u00f3n requeridas para iniciar de forma exitosa el cursado de la carrera elegida.\n\nEl cursado y aprobaci\u00f3n del PAICAT es considerado un pre-requisito obligatorio de ingreso para las carreras de Ingenier\u00eda y de Licenciatura que se dictan en la Facultad Regional Bah\u00eda Blanca de la Universidad Tecnol\u00f3gica Nacional.<\/div>\n\t\t\t\t<\/div>\n\t\t\t\t\t\t\t<div class=\"elementor-toggle-item\">\n\t\t\t\t\t<div id=\"elementor-tab-title-1822\" class=\"elementor-tab-title\" data-tab=\"2\" role=\"button\" aria-controls=\"elementor-tab-content-1822\" aria-expanded=\"false\">\n\t\t\t\t\t\t\t\t\t\t\t\t<span class=\"elementor-toggle-icon elementor-toggle-icon-left\" aria-hidden=\"true\">\n\t\t\t\t\t\t\t\t\t\t\t\t\t\t\t<span class=\"elementor-toggle-icon-closed\"><i class=\"fas fa-caret-right\"><\/i><\/span>\n\t\t\t\t\t\t\t\t<span class=\"elementor-toggle-icon-opened\"><i class=\"elementor-toggle-icon-opened fas fa-caret-up\"><\/i><\/span>\n\t\t\t\t\t\t\t\t\t\t\t\t\t<\/span>\n\t\t\t\t\t\t\t\t\t\t\t\t<a class=\"elementor-toggle-title\" tabindex=\"0\">\u00bfC\u00d3MO Y CU\u00c1NDO SE HACE LA PREINSCRIPCI\u00d3N?<\/a>\n\t\t\t\t\t<\/div>\n\n\t\t\t\t\t<div id=\"elementor-tab-content-1822\" class=\"elementor-tab-content elementor-clearfix\" data-tab=\"2\" role=\"region\" aria-labelledby=\"elementor-tab-title-1822\"><p>Las preinscripciones se hacen desde el <strong>16 de julio al 8 de setiembre de 2025. Antes del comienzo del PAICAT se registrara\u00e1n en el Aula Virtual de Ingreso a los\u00a0 aspirantes<\/strong><\/p><\/div>\n\t\t\t\t<\/div>\n\t\t\t\t\t\t\t<div class=\"elementor-toggle-item\">\n\t\t\t\t\t<div id=\"elementor-tab-title-1823\" class=\"elementor-tab-title\" data-tab=\"3\" role=\"button\" aria-controls=\"elementor-tab-content-1823\" aria-expanded=\"false\">\n\t\t\t\t\t\t\t\t\t\t\t\t<span class=\"elementor-toggle-icon elementor-toggle-icon-left\" aria-hidden=\"true\">\n\t\t\t\t\t\t\t\t\t\t\t\t\t\t\t<span class=\"elementor-toggle-icon-closed\"><i class=\"fas fa-caret-right\"><\/i><\/span>\n\t\t\t\t\t\t\t\t<span class=\"elementor-toggle-icon-opened\"><i class=\"elementor-toggle-icon-opened fas fa-caret-up\"><\/i><\/span>\n\t\t\t\t\t\t\t\t\t\t\t\t\t<\/span>\n\t\t\t\t\t\t\t\t\t\t\t\t<a class=\"elementor-toggle-title\" tabindex=\"0\">\u00bfY LUEGO DE LA PRE       INSCRIPCI\u00d3N?<\/a>\n\t\t\t\t\t<\/div>\n\n\t\t\t\t\t<div id=\"elementor-tab-content-1823\" class=\"elementor-tab-content elementor-clearfix\" data-tab=\"3\" role=\"region\" aria-labelledby=\"elementor-tab-title-1823\"><!-- wp html -->\n<p>Las im\u00e1genes de la documentaci\u00f3n requerida para el ingreso que a continuaci\u00f3n se detallan deber\u00e1n ser enviadas v\u00eda correo electr\u00f3nico al mail: <span id=\"cloak6c24852a80f9cde91b6f7dfd6da1cb45\"><a href=\"mailto:alumnos@frbb.utn.edu.ar\">alumnos@frbb.utn.edu.ar<\/a><\/span>:<\/p>\n<ul class=\"mb-4 px-3 vi-verde\">\n \t<li>Imagen de Certificado Anal\u00edtico o Diploma de Estudios Secundarios debidamente legalizado, o Constancia de alumno o alumna regular si se encuentra cursando la secundaria. Constancia indicando que ha finalizado sus estudios o que a\u00fan adeuda materias en el caso de no cumplir con este \u00edtem. La presentaci\u00f3n de la documentaci\u00f3n indicada en este \u00edtem vence el 31 de Agosto del a\u00f1o del ciclo lectivo, vencido dicho plazo caducar\u00e1 la inscripci\u00f3n<\/li>\n \t<li>Imagen de D.N.I. (frente y dorso).<\/li>\n \t<li>Imagen de la copia sin legalizar del libro matriz de su partida de nacimiento (emitida por el Registro de las Personas).<\/li>\n \t<li>Imagen de Constancia de CUIL \u00f3 CUIT<\/li>\n \t<li>Imagen de Certificado de Trabajo con el horario que debe cumplir. Este\nrequerimiento no impide el ingreso, pero s\u00ed deber\u00e1 tenerse en cuenta que en dicho caso\ncada aspirante deber\u00e1 cumplir con el horario que le fije la Facultad<\/li>\n \t<li>ESTUDIANTES DEL EXTRANJERO: Cada aspirante a ingreso que posea t\u00edtulo\nsecundario expedido por establecimiento extranjero con validez legal en el pa\u00eds de origen, deber\u00e1 REVALIDARLO PREVIAMENTE con anterioridad a su inscripci\u00f3n en\nel Ministerio de Capital Humano.<\/li>\n<\/ul>\n<p>Para completar la inscripci\u00f3n, una vez aprobado el PAICAT, cada aspirante deber\u00e1 llevar\nel Certificado Anal\u00edtico o Diploma de Estudios Secundarios solicitada en el punto 1\nen soporte papel, de manera presencial a la Oficina de Alumnos de la facultad.<\/p>\n\n<p>La fotocopia de lo requerido en el punto 1. deber\u00e1 estar legalizada o certificada por\nautoridad competente y su plazo de presentaci\u00f3n vence el 31 de agosto del a\u00f1o de\ningreso. Vencido dicho plazo caducar\u00e1 la inscripci\u00f3n.<\/p>\n\n<h6>Importante Estudiantes del Extranjero<\/h6>\n<p>Las y los aspirantes extranjeros que se inscriban en el seminario de ingreso deber\u00e1n\npresentar la documentaci\u00f3n que disponen de manera presencial en el Departamento de\nAlumnos, a efectos de cumplimentar lo estipulado en el punto 2.1.2 de la Ordenanza 1549,\nReglamento de Estudios. Caso contrario, se dar\u00e1 de baja la inscripci\u00f3n al seminario de\ningreso.<\/p><\/div>\n\t\t\t\t<\/div>\n\t\t\t\t\t\t\t<div class=\"elementor-toggle-item\">\n\t\t\t\t\t<div id=\"elementor-tab-title-1824\" class=\"elementor-tab-title\" data-tab=\"4\" role=\"button\" aria-controls=\"elementor-tab-content-1824\" aria-expanded=\"false\">\n\t\t\t\t\t\t\t\t\t\t\t\t<span class=\"elementor-toggle-icon elementor-toggle-icon-left\" aria-hidden=\"true\">\n\t\t\t\t\t\t\t\t\t\t\t\t\t\t\t<span class=\"elementor-toggle-icon-closed\"><i class=\"fas fa-caret-right\"><\/i><\/span>\n\t\t\t\t\t\t\t\t<span class=\"elementor-toggle-icon-opened\"><i class=\"elementor-toggle-icon-opened fas fa-caret-up\"><\/i><\/span>\n\t\t\t\t\t\t\t\t\t\t\t\t\t<\/span>\n\t\t\t\t\t\t\t\t\t\t\t\t<a class=\"elementor-toggle-title\" tabindex=\"0\">\u00bfC\u00d3MO SE DESARROLLA EL PAICAT EN EL PERIODO SEPTIEMBRE-DICIEMBRE?<\/a>\n\t\t\t\t\t<\/div>\n\n\t\t\t\t\t<div id=\"elementor-tab-content-1824\" class=\"elementor-tab-content elementor-clearfix\" data-tab=\"4\" role=\"region\" aria-labelledby=\"elementor-tab-title-1824\"><h6>Material de Estudio<\/h6><p>El material de estudio estar\u00e1 disponible en el Aula Virtual de Ingreso, cuya direcci\u00f3n web es: <i class=\"fa fa-globe\" aria-hidden=\"true\"><\/i> <a href=\"https:\/\/ingreso.frbb.utn.edu.ar\" target=\"_blank\" rel=\"noopener\"><span style=\"color: #800080;\">https:\/\/ingreso.frbb.utn.edu.ar<\/span><\/a><\/p><p>La organizaci\u00f3n del PAICAT ser\u00e1 en dos M\u00f3dulos y un Taller, TODOS de car\u00e1cter obligatorio.<\/p><p>El PAICAT se desarrollar\u00e1 a lo largo de 12 semanas, iniciando la semana del 8 de septiembre y finalizando la semana del 1\u00ba de diciembre.<\/p><p>Durante este per\u00edodo, el aspirante deber\u00e1 asistir semanalmente, en los d\u00edas y horarios establecidos por la Facultad para cada comisi\u00f3n. La distribuci\u00f3n de los encuentros por m\u00f3dulo ser\u00e1 la siguiente:<\/p><h6>M\u00f3dulo 1: Estrategias para el aprendizaje aut\u00f3nomo (32 h reloj)<\/h6><p>El cursado contempla un encuentro semanal de 2 horas reloj durante 10 semanas consecutivas. De esos encuentros, dos se realizar\u00e1n de forma presencial y los ocho restantes de manera virtual. Adem\u00e1s, el aspirante deber\u00e1 completar cuatro actividades asincr\u00f3nicas, a trav\u00e9s del Aula Virtual de Ingreso, con una duraci\u00f3n estimada de 3 horas reloj cada una.<\/p><p>La evaluaci\u00f3n de este m\u00f3dulo requerir\u00e1 una asistencia m\u00ednima del 75 % a los encuentros y la aprobaci\u00f3n de las cuatro actividades en el Aula Virtual de Ingreso (AVI).<\/p><h6>M\u00f3dulo 2: Matem\u00e1tica (72 horas reloj)<\/h6><p>Dos encuentros semanales virtuales de 2 horas reloj cada uno durante 10 semanas. Adem\u00e1s, el aspirante tendr\u00e1 la posibilidad de participar en una clase de consulta semanal de 2 h 30 min, que podr\u00e1 ser virtual o presencial, de acuerdo con su preferencia y disponibilidad.<\/p><p>La evaluaci\u00f3n de este m\u00f3dulo requerir\u00e1 una asistencia m\u00ednima del 75 % a los encuentros y la aprobaci\u00f3n de dos actividades presenciales.<\/p><p>Se deber\u00e1n aprobar dos evaluaciones en diferente formato o su respectivo recuperatorio. Las fechas previstas son:<\/p><ul class=\"vi-verde mb-4\"><li>Primera evaluaci\u00f3n individual: s\u00e1bado 18 de octubre.<\/li><li>Segunda evaluaci\u00f3n grupal: s\u00e1bado 15 de noviembre.<\/li><li>Recuperatorio de la primera evaluaci\u00f3n: viernes 28 de noviembre<\/li><li>Recuperatorio de la segunda evaluaci\u00f3n: viernes 5 de diciembre.<\/li><\/ul><p>La hora exacta de cada evaluaci\u00f3n, as\u00ed como el aula f\u00edsica, ser\u00e1 informada con anterioridad en clase y publicada en el aula virtual. La devoluci\u00f3n de las evaluaciones tendr\u00e1 como plazo m\u00e1ximo la semana posterior inmediata.<\/p><h6>Taller de ambientaci\u00f3n a la vida universitaria (10 horas reloj m\u00e1ximo)<\/h6><p>Se realizar\u00e1n actividades donde quienes aspiran a ingresar a la UTN podr\u00e1n introducirse en la vida universitaria institucional, familiariz\u00e1ndose con la estructura institucional, con sus deberes y derechos, y con todo lo atinente a la gesti\u00f3n acad\u00e9mica y a los aspectos vinculados al bienestar universitario que resulte necesario que conozcan previo a ingresar.<\/p><\/div>\n\t\t\t\t<\/div>\n\t\t\t\t\t\t\t<div class=\"elementor-toggle-item\">\n\t\t\t\t\t<div id=\"elementor-tab-title-1825\" class=\"elementor-tab-title\" data-tab=\"5\" role=\"button\" aria-controls=\"elementor-tab-content-1825\" aria-expanded=\"false\">\n\t\t\t\t\t\t\t\t\t\t\t\t<span class=\"elementor-toggle-icon elementor-toggle-icon-left\" aria-hidden=\"true\">\n\t\t\t\t\t\t\t\t\t\t\t\t\t\t\t<span class=\"elementor-toggle-icon-closed\"><i class=\"fas fa-caret-right\"><\/i><\/span>\n\t\t\t\t\t\t\t\t<span class=\"elementor-toggle-icon-opened\"><i class=\"elementor-toggle-icon-opened fas fa-caret-up\"><\/i><\/span>\n\t\t\t\t\t\t\t\t\t\t\t\t\t<\/span>\n\t\t\t\t\t\t\t\t\t\t\t\t<a class=\"elementor-toggle-title\" tabindex=\"0\">\u00bfCOMO SE APRUEBA LA INSTANCIA DEL PAICAT?<\/a>\n\t\t\t\t\t<\/div>\n\n\t\t\t\t\t<div id=\"elementor-tab-content-1825\" class=\"elementor-tab-content elementor-clearfix\" data-tab=\"5\" role=\"region\" aria-labelledby=\"elementor-tab-title-1825\"><p>Para la aprobaci\u00f3n del PAICAT se requerir\u00e1 la aprobaci\u00f3n de cada uno de los m\u00f3dulos que se dictan y la asistencia al Taller de ambientaci\u00f3n Universitaria. Para cada evaluaci\u00f3n prevista, la nota de aprobaci\u00f3n ser\u00e1 de 6 (seis) y para cada m\u00f3dulo el porcentaje m\u00ednimo de asistencia ser\u00e1 del 75%.<\/p><h6>Aspirantes aprobados<\/h6><p>Los aspirantes que aprueben los m\u00f3dulos establecidos para la presente instancia del PAICAT y hayan completado la documentaci\u00f3n requerida, podr\u00e1n iniciar el cursado del primer a\u00f1o de estudios de la carrera elegida, en el 1\u00b0 SEMESTRE DEL CICLO LECTIVO 2026 de todas las materias del plan de estudios que ofrezca la Facultad.<\/p><h6>Aspirantes con aprobaci\u00f3n de alguno de los m\u00f3dulos del PAICAT<\/h6><p>Los aspirantes que hayan aprobado solo el m\u00f3dulo Estrategias para el Aprendizaje Aut\u00f3nomo (EAA) del PAICAT y cumplimentaron la documentaci\u00f3n requerida deber\u00e1n aprobar el m\u00f3dulo Matem\u00e1tica en cualquiera de las siguientes instancias del dictado, durante el Ciclo Lectivo 2026. Asimismo y tal lo expresado en el art\u00edculo 3\u00ba de la presente resoluci\u00f3n, podr\u00e1n cursar las asignaturas de primer nivel de la carrera elegida conforme lo establecido en la Resoluci\u00f3n N\u00ba1555\/21 de Decano \u201cad Refer\u00e9ndum\u201d<\/p><h6>Aspirantes desaprobados<\/h6><p>Aspirantes que hayan desaprobado ambos m\u00f3dulos tendr\u00e1n la oportunidad de cursar nuevamente en cualquiera de las futuras instancias el PAICAT.<\/p><\/div>\n\t\t\t\t<\/div>\n\t\t\t\t\t\t\t\t<\/div>\n\t\t\t\t<\/div>\n\t\t\t\t<\/div>\n\t\t\t\t\t<\/div>\n\t\t<\/div>\n\t\t\t\t<div class=\"elementor-column elementor-col-50 elementor-top-column elementor-element elementor-element-fc1acb2\" data-id=\"fc1acb2\" data-element_type=\"column\">\n\t\t\t<div class=\"elementor-widget-wrap elementor-element-populated\">\n\t\t\t\t\t\t<div class=\"elementor-element elementor-element-927bdef elementor-align-center elementor-widget__width-inherit elementor-hidden-desktop elementor-hidden-tablet elementor-hidden-mobile elementor-widget elementor-widget-button\" data-id=\"927bdef\" data-element_type=\"widget\" data-widget_type=\"button.default\">\n\t\t\t\t<div class=\"elementor-widget-container\">\n\t\t\t\t\t<div class=\"elementor-button-wrapper\">\n\t\t\t<a class=\"elementor-button elementor-button-link elementor-size-lg\" href=\"\/frbb\/inscripcion\/form-ingreso.php\">\n\t\t\t\t\t\t<span class=\"elementor-button-content-wrapper\">\n\t\t\t\t\t\t\t\t\t<span class=\"elementor-button-text\">FORMULARIO DE INGRESO<\/span>\n\t\t\t\t\t<\/span>\n\t\t\t\t\t<\/a>\n\t\t<\/div>\n\t\t\t\t<\/div>\n\t\t\t\t<\/div>\n\t\t\t\t<div class=\"elementor-element elementor-element-58f5bc1 elementor-widget elementor-widget-image\" data-id=\"58f5bc1\" data-element_type=\"widget\" data-widget_type=\"image.default\">\n\t\t\t\t<div class=\"elementor-widget-container\">\n\t\t\t<style>\/*! elementor - v3.23.0 - 05-08-2024 *\/\n.elementor-widget-image{text-align:center}.elementor-widget-image a{display:inline-block}.elementor-widget-image a img[src$=\".svg\"]{width:48px}.elementor-widget-image img{vertical-align:middle;display:inline-block}<\/style>\t\t\t\t\t\t\t\t\t\t\t<a href=\"\/frbb\/info\/secretarias\/academica\/carreras\/ingreso\/manual_del_Ingresante_UTN-FRBB.pdf\">\n\t\t\t\t\t\t\t<img fetchpriority=\"high\" decoding=\"async\" width=\"568\" height=\"362\" src=\"https:\/\/www.frbb.utn.edu.ar\/frbb\/wp-content\/uploads\/2023\/05\/ing01-1.jpg\" class=\"attachment-large size-large wp-image-8807\" alt=\"\" \/>\t\t\t\t\t\t\t\t<\/a>\n\t\t\t\t\t\t\t\t\t\t\t\t\t<\/div>\n\t\t\t\t<\/div>\n\t\t\t\t<div class=\"elementor-element elementor-element-0db28ba elementor-icon-list--layout-traditional elementor-list-item-link-full_width elementor-widget elementor-widget-icon-list\" data-id=\"0db28ba\" data-element_type=\"widget\" data-widget_type=\"icon-list.default\">\n\t\t\t\t<div class=\"elementor-widget-container\">\n\t\t\t<link rel=\"stylesheet\" href=\"https:\/\/www.frbb.utn.edu.ar\/frbb\/wp-content\/plugins\/elementor\/assets\/css\/widget-icon-list.min.css\">\t\t<ul class=\"elementor-icon-list-items\">\n\t\t\t\t\t\t\t<li class=\"elementor-icon-list-item\">\n\t\t\t\t\t\t\t\t\t\t\t<a href=\"https:\/\/ingreso.frbb.utn.edu.ar\/\">\n\n\t\t\t\t\t\t\t\t\t\t\t\t<span class=\"elementor-icon-list-icon\">\n\t\t\t\t\t\t\t<i aria-hidden=\"true\" class=\"fas fa-university\"><\/i>\t\t\t\t\t\t<\/span>\n\t\t\t\t\t\t\t\t\t\t<span class=\"elementor-icon-list-text\">AULA VIRTUAL DE INGRESO<\/span>\n\t\t\t\t\t\t\t\t\t\t\t<\/a>\n\t\t\t\t\t\t\t\t\t<\/li>\n\t\t\t\t\t\t\t\t<li class=\"elementor-icon-list-item\">\n\t\t\t\t\t\t\t\t\t\t\t<a href=\"\/frbb\/info\/secretarias\/academica\/carreras\/ingreso\/seminario_ingreso_sep_dic.pdf\">\n\n\t\t\t\t\t\t\t\t\t\t\t\t<span class=\"elementor-icon-list-icon\">\n\t\t\t\t\t\t\t<i aria-hidden=\"true\" class=\"fas fa-file-import\"><\/i>\t\t\t\t\t\t<\/span>\n\t\t\t\t\t\t\t\t\t\t<span class=\"elementor-icon-list-text\">RES. PAICAT SEP-DIC  2026<\/span>\n\t\t\t\t\t\t\t\t\t\t\t<\/a>\n\t\t\t\t\t\t\t\t\t<\/li>\n\t\t\t\t\t\t\t\t<li class=\"elementor-icon-list-item\">\n\t\t\t\t\t\t\t\t\t\t\t<a href=\"\/frbb\/sacad\/documentacion-ingreso\/\">\n\n\t\t\t\t\t\t\t\t\t\t\t\t<span class=\"elementor-icon-list-icon\">\n\t\t\t\t\t\t\t<i aria-hidden=\"true\" class=\"fas fa-list\"><\/i>\t\t\t\t\t\t<\/span>\n\t\t\t\t\t\t\t\t\t\t<span class=\"elementor-icon-list-text\">DOCUMENTACI\u00d3N A PRESENTAR<\/span>\n\t\t\t\t\t\t\t\t\t\t\t<\/a>\n\t\t\t\t\t\t\t\t\t<\/li>\n\t\t\t\t\t\t<\/ul>\n\t\t\t\t<\/div>\n\t\t\t\t<\/div>\n\t\t\t\t\t<\/div>\n\t\t<\/div>\n\t\t\t\t\t<\/div>\n\t\t<\/section>\n\t\t\t\t<section class=\"elementor-section elementor-top-section elementor-element elementor-element-e0ec933 elementor-section-boxed elementor-section-height-default elementor-section-height-default\" data-id=\"e0ec933\" data-element_type=\"section\">\n\t\t\t\t\t\t<div class=\"elementor-container elementor-column-gap-default\">\n\t\t\t\t\t<div class=\"elementor-column elementor-col-100 elementor-top-column elementor-element elementor-element-776d37a\" data-id=\"776d37a\" data-element_type=\"column\">\n\t\t\t<div class=\"elementor-widget-wrap elementor-element-populated\">\n\t\t\t\t\t\t<div class=\"elementor-element elementor-element-e71c34f elementor-widget elementor-widget-spacer\" data-id=\"e71c34f\" data-element_type=\"widget\" data-widget_type=\"spacer.default\">\n\t\t\t\t<div class=\"elementor-widget-container\">\n\t\t\t<style>\/*! elementor - v3.23.0 - 05-08-2024 *\/\n.elementor-column .elementor-spacer-inner{height:var(--spacer-size)}.e-con{--container-widget-width:100%}.e-con-inner>.elementor-widget-spacer,.e-con>.elementor-widget-spacer{width:var(--container-widget-width,var(--spacer-size));--align-self:var(--container-widget-align-self,initial);--flex-shrink:0}.e-con-inner>.elementor-widget-spacer>.elementor-widget-container,.e-con>.elementor-widget-spacer>.elementor-widget-container{height:100%;width:100%}.e-con-inner>.elementor-widget-spacer>.elementor-widget-container>.elementor-spacer,.e-con>.elementor-widget-spacer>.elementor-widget-container>.elementor-spacer{height:100%}.e-con-inner>.elementor-widget-spacer>.elementor-widget-container>.elementor-spacer>.elementor-spacer-inner,.e-con>.elementor-widget-spacer>.elementor-widget-container>.elementor-spacer>.elementor-spacer-inner{height:var(--container-widget-height,var(--spacer-size))}.e-con-inner>.elementor-widget-spacer.elementor-widget-empty,.e-con>.elementor-widget-spacer.elementor-widget-empty{position:relative;min-height:22px;min-width:22px}.e-con-inner>.elementor-widget-spacer.elementor-widget-empty .elementor-widget-empty-icon,.e-con>.elementor-widget-spacer.elementor-widget-empty .elementor-widget-empty-icon{position:absolute;top:0;bottom:0;left:0;right:0;margin:auto;padding:0;width:22px;height:22px}<\/style>\t\t<div class=\"elementor-spacer\">\n\t\t\t<div class=\"elementor-spacer-inner\"><\/div>\n\t\t<\/div>\n\t\t\t\t<\/div>\n\t\t\t\t<\/div>\n\t\t\t\t\t<\/div>\n\t\t<\/div>\n\t\t\t\t\t<\/div>\n\t\t<\/section>\n\t\t\t\t<\/div>\n\t\t","protected":false},"excerpt":{"rendered":"<p>Seminario Universitario para el Ingreso Septiembre-Diciembre Si terminaste el secundario con un promedio de 9 (nueve) o m\u00e1s, y egresaste de una Escuela de Nivel Medio de gesti\u00f3n p\u00fablica, no ten\u00e9s que hacer Matem\u00e1tica y F\u00edsica del Seminario de Ingreso. Completa la siguiente nota para entregar en alumnos. Comunicate con Oficina de Alumnos para m\u00e1s &hellip;<\/p>\n<p class=\"read-more\"> <a class=\"\" href=\"https:\/\/www.frbb.utn.edu.ar\/frbb\/sacad\/seminario-universitario-para-el-ingreso-septiembre-diciembre\/\"> <span class=\"screen-reader-text\">Seminario Universitario para el Ingreso Septiembre-Diciembre<\/span> Leer m\u00e1s &raquo;<\/a><\/p>\n","protected":false},"author":1,"featured_media":0,"comment_status":"closed","ping_status":"closed","sticky":false,"template":"elementor_header_footer","format":"standard","meta":{"site-sidebar-layout":"default","site-content-layout":"","ast-site-content-layout":"","site-content-style":"default","site-sidebar-style":"default","ast-global-header-display":"","ast-banner-title-visibility":"","ast-main-header-display":"","ast-hfb-above-header-display":"","ast-hfb-below-header-display":"","ast-hfb-mobile-header-display":"","site-post-title":"","ast-breadcrumbs-content":"","ast-featured-img":"","footer-sml-layout":"","theme-transparent-header-meta":"","adv-header-id-meta":"","stick-header-meta":"","header-above-stick-meta":"","header-main-stick-meta":"","header-below-stick-meta":"","astra-migrate-meta-layouts":"","ast-page-background-enabled":"default","ast-page-background-meta":{"desktop":{"background-color":"","background-image":"","background-repeat":"repeat","background-position":"center center","background-size":"auto","background-attachment":"scroll","background-type":"","background-media":"","overlay-type":"","overlay-color":"","overlay-gradient":""},"tablet":{"background-color":"","background-image":"","background-repeat":"repeat","background-position":"center center","background-size":"auto","background-attachment":"scroll","background-type":"","background-media":"","overlay-type":"","overlay-color":"","overlay-gradient":""},"mobile":{"background-color":"","background-image":"","background-repeat":"repeat","background-position":"center center","background-size":"auto","background-attachment":"scroll","background-type":"","background-media":"","overlay-type":"","overlay-color":"","overlay-gradient":""}},"ast-content-background-meta":{"desktop":{"background-color":"var(--ast-global-color-5)","background-image":"","background-repeat":"repeat","background-position":"center center","background-size":"auto","background-attachment":"scroll","background-type":"","background-media":"","overlay-type":"","overlay-color":"","overlay-gradient":""},"tablet":{"background-color":"var(--ast-global-color-5)","background-image":"","background-repeat":"repeat","background-position":"center center","background-size":"auto","background-attachment":"scroll","background-type":"","background-media":"","overlay-type":"","overlay-color":"","overlay-gradient":""},"mobile":{"background-color":"var(--ast-global-color-5)","background-image":"","background-repeat":"repeat","background-position":"center center","background-size":"auto","background-attachment":"scroll","background-type":"","background-media":"","overlay-type":"","overlay-color":"","overlay-gradient":""}},"footnotes":""},"categories":[21,38],"tags":[],"class_list":["post-2156","post","type-post","status-publish","format-standard","hentry","category-sacad","category-seminario-ingreso"],"_links":{"self":[{"href":"https:\/\/www.frbb.utn.edu.ar\/frbb\/wp-json\/wp\/v2\/posts\/2156"}],"collection":[{"href":"https:\/\/www.frbb.utn.edu.ar\/frbb\/wp-json\/wp\/v2\/posts"}],"about":[{"href":"https:\/\/www.frbb.utn.edu.ar\/frbb\/wp-json\/wp\/v2\/types\/post"}],"author":[{"embeddable":true,"href":"https:\/\/www.frbb.utn.edu.ar\/frbb\/wp-json\/wp\/v2\/users\/1"}],"replies":[{"embeddable":true,"href":"https:\/\/www.frbb.utn.edu.ar\/frbb\/wp-json\/wp\/v2\/comments?post=2156"}],"version-history":[{"count":1,"href":"https:\/\/www.frbb.utn.edu.ar\/frbb\/wp-json\/wp\/v2\/posts\/2156\/revisions"}],"predecessor-version":[{"id":32966,"href":"https:\/\/www.frbb.utn.edu.ar\/frbb\/wp-json\/wp\/v2\/posts\/2156\/revisions\/32966"}],"wp:attachment":[{"href":"https:\/\/www.frbb.utn.edu.ar\/frbb\/wp-json\/wp\/v2\/media?parent=2156"}],"wp:term":[{"taxonomy":"category","embeddable":true,"href":"https:\/\/www.frbb.utn.edu.ar\/frbb\/wp-json\/wp\/v2\/categories?post=2156"},{"taxonomy":"post_tag","embeddable":true,"href":"https:\/\/www.frbb.utn.edu.ar\/frbb\/wp-json\/wp\/v2\/tags?post=2156"}],"curies":[{"name":"wp","href":"https:\/\/api.w.org\/{rel}","templated":true}]}}